{"id":8152,"date":"2023-03-27T01:00:16","date_gmt":"2023-03-27T01:00:16","guid":{"rendered":"https:\/\/www.ametllerorigenwp.com\/?p=8152"},"modified":"2023-03-27T11:52:48","modified_gmt":"2023-03-27T11:52:48","slug":"que-tipo-de-queso-es-el-grana-padano","status":"publish","type":"post","link":"https:\/\/www.ametllerorigenwp.com\/es\/que-tipo-de-queso-es-el-grana-padano\/","title":{"rendered":"\u00bfQu\u00e9 tipo de queso es el Grana Padano?"},"content":{"rendered":"<p>Hoy, coincidiendo con el Dia Mundial del Queso, queremos centrarnos en el Grano Padano, un queso que procede de la palabra grana que significa granos, por su textura en la boca que es como granulada, y padano que hace referencia a una regi\u00f3n de Italia conocida como la Plana Padana o Plana del Po, situada en el norte de Italia, justamente por donde pasa el r\u00edo Po.<\/p>\n<p>M\u00e1s concretamente, <strong>el Grana Padano se elabora a partir de leche cruda de vacas alimentadas con forrajes frescos o conservados<\/strong> (ensilados). Adem\u00e1s de la leche, <strong>este queso incorpora cuajo, sal y lisozima<\/strong> (no en todos los Grana Padano), \u00fanicamente. <strong>El proceso de elaboraci\u00f3n dura un mes largo y, posteriormente, el queso debe madurar durante un m\u00ednimo de 9 meses y hasta 20 meses. <\/strong><\/p>\n<p>\u00bfSabr\u00edas diferenciar este queso del parmesano reggiano? Si no sabes la respuesta, no te preocupes. \u00a1Nosotros te explicamos c\u00f3mo diferenciarlo en el <a href=\"https:\/\/www.ametllerorigen.com\/es\/blog\/que-tipo-de-queso-es-el-grana-padano\">blog<\/a>!<\/p>\n","protected":false},"excerpt":{"rendered":"<p>Hoy, coincidiendo con el Dia Mundial del Queso, queremos centrarnos en el Grano Padano, un queso que procede de la palabra grana que significa granos, por su textura en la boca que es como granulada, y padano que hace referencia a una regi\u00f3n de Italia conocida como la Plana Padana o Plana del Po, situada &hellip; <a href=\"https:\/\/www.ametllerorigenwp.com\/es\/que-tipo-de-queso-es-el-grana-padano\/\" class=\"more-link\">Continuar leyendo<span class=\"screen-reader-text\"> \u00ab\u00bfQu\u00e9 tipo de queso es el Grana Padano?\u00bb<\/span><\/a><\/p>\n","protected":false},"author":5,"featured_media":8150,"comment_status":"closed","ping_status":"closed","sticky":false,"template":"","format":"standard","meta":{"_uag_custom_page_level_css":"","advgb_blocks_editor_width":"","advgb_blocks_columns_visual_guide":"","footnotes":""},"categories":[1],"tags":[],"class_list":["post-8152","post","type-post","status-publish","format-standard","has-post-thumbnail","hentry","category-noticias"],"author_meta":{"display_name":"Mireia Zaragoza","author_link":"https:\/\/www.ametllerorigenwp.com\/es\/author\/mzaragoza\/"},"featured_img":"https:\/\/www.ametllerorigenwp.com\/wp-content\/uploads\/2023\/03\/APP_GRANA_PADANO_1000x340px-300x105.jpg","uagb_featured_image_src":{"full":["https:\/\/www.ametllerorigenwp.com\/wp-content\/uploads\/2023\/03\/APP_GRANA_PADANO_1000x340px.jpg",1000,349,false],"thumbnail":["https:\/\/www.ametllerorigenwp.com\/wp-content\/uploads\/2023\/03\/APP_GRANA_PADANO_1000x340px-150x150.jpg",150,150,true],"medium":["https:\/\/www.ametllerorigenwp.com\/wp-content\/uploads\/2023\/03\/APP_GRANA_PADANO_1000x340px-300x105.jpg",300,105,true],"medium_large":["https:\/\/www.ametllerorigenwp.com\/wp-content\/uploads\/2023\/03\/APP_GRANA_PADANO_1000x340px-768x268.jpg",768,268,true],"large":["https:\/\/www.ametllerorigenwp.com\/wp-content\/uploads\/2023\/03\/APP_GRANA_PADANO_1000x340px.jpg",840,293,false],"1536x1536":["https:\/\/www.ametllerorigenwp.com\/wp-content\/uploads\/2023\/03\/APP_GRANA_PADANO_1000x340px.jpg",1000,349,false],"2048x2048":["https:\/\/www.ametllerorigenwp.com\/wp-content\/uploads\/2023\/03\/APP_GRANA_PADANO_1000x340px.jpg",1000,349,false],"post-thumbnail":["https:\/\/www.ametllerorigenwp.com\/wp-content\/uploads\/2023\/03\/APP_GRANA_PADANO_1000x340px.jpg",1000,349,false]},"uagb_author_info":{"display_name":"Mireia Zaragoza","author_link":"https:\/\/www.ametllerorigenwp.com\/es\/author\/mzaragoza\/"},"uagb_comment_info":0,"uagb_excerpt":"Hoy, coincidiendo con el Dia Mundial del Queso, queremos centrarnos en el Grano Padano, un queso que procede de la palabra grana que significa granos, por su textura en la boca que es como granulada, y padano que hace referencia a una regi\u00f3n de Italia conocida como la Plana Padana o Plana del Po, situada&hellip;","coauthors":[],"tax_additional":{"categories":{"linked":["<a href=\"https:\/\/www.ametllerorigenwp.com\/es\/category\/noticias\/\" class=\"advgb-post-tax-term\">Noticias<\/a>"],"unlinked":["<span class=\"advgb-post-tax-term\">Noticias<\/span>"]}},"comment_count":"0","relative_dates":{"created":"Publicado 3 a\u00f1os hace","modified":"Actualizado 3 a\u00f1os hace"},"absolute_dates":{"created":"Publicado el 27 de marzo de 2023","modified":"Actualizado el 27 de marzo de 2023"},"absolute_dates_time":{"created":"Publicado el 27 de marzo de 2023 01:00","modified":"Actualizado el 27 de marzo de 2023 11:52"},"featured_img_caption":"","series_order":"","show_in_app":true,"fecha_inicio_destacado":null,"hora_inicio_visualizacion":null,"minutos_inicio_visualizacion":null,"fecha_final_destacado":null,"hora_final_visualizacion":null,"minutos_final_visualizacion":null,"posicion_visualizacion":null,"estado_destacado":null,"niveles_destacados":null,"url_del_enlace":null,"banner_destacado":null,"posicion_visualizacion_de_la_noticia":"01","estado_noticia":["Visible"],"fecha_de_inicio_de_visualizacion_del_tutorial":null,"hora_inicio_visualizacion_tutorial":null,"minutos_inicio_visualizacion_tutorial":null,"fecha_de_final_de_visualizacion_del_tutorial":null,"hora_final_visualizacion_tutorial":null,"minutos_final_visualizacion_tutorial":null,"numero_de_veces_visto":null,"numero_de_veces_total":null,"niveles_tutorial":null,"tutorial_recursos_castellano":null,"tutorial_recursos_catalan":null,"dias_disponibles":null,"dias_de_la_semana":null,"dias_del_mes":null,"other_lang_post_id":null,"lang":"es","campanya_descripcion":null,"campanya_fecha_inicio":null,"campanya_fecha_fin":null,"campanya_legales":null,"campanya_imagen":null,"campanya_characteristics":null,"campanya_url":null,"campanya_posicion_visualizacion":null,"campanya_estado":null,"_links":{"self":[{"href":"https:\/\/www.ametllerorigenwp.com\/es\/wp-json\/wp\/v2\/posts\/8152","targetHints":{"allow":["GET"]}}],"collection":[{"href":"https:\/\/www.ametllerorigenwp.com\/es\/wp-json\/wp\/v2\/posts"}],"about":[{"href":"https:\/\/www.ametllerorigenwp.com\/es\/wp-json\/wp\/v2\/types\/post"}],"author":[{"embeddable":true,"href":"https:\/\/www.ametllerorigenwp.com\/es\/wp-json\/wp\/v2\/users\/5"}],"replies":[{"embeddable":true,"href":"https:\/\/www.ametllerorigenwp.com\/es\/wp-json\/wp\/v2\/comments?post=8152"}],"version-history":[{"count":1,"href":"https:\/\/www.ametllerorigenwp.com\/es\/wp-json\/wp\/v2\/posts\/8152\/revisions"}],"predecessor-version":[{"id":8153,"href":"https:\/\/www.ametllerorigenwp.com\/es\/wp-json\/wp\/v2\/posts\/8152\/revisions\/8153"}],"wp:featuredmedia":[{"embeddable":true,"href":"https:\/\/www.ametllerorigenwp.com\/es\/wp-json\/wp\/v2\/media\/8150"}],"wp:attachment":[{"href":"https:\/\/www.ametllerorigenwp.com\/es\/wp-json\/wp\/v2\/media?parent=8152"}],"wp:term":[{"taxonomy":"category","embeddable":true,"href":"https:\/\/www.ametllerorigenwp.com\/es\/wp-json\/wp\/v2\/categories?post=8152"},{"taxonomy":"post_tag","embeddable":true,"href":"https:\/\/www.ametllerorigenwp.com\/es\/wp-json\/wp\/v2\/tags?post=8152"}],"curies":[{"name":"wp","href":"https:\/\/api.w.org\/{rel}","templated":true}]}}