{"id":8167,"date":"2023-03-29T01:00:04","date_gmt":"2023-03-29T01:00:04","guid":{"rendered":"https:\/\/www.ametllerorigenwp.com\/?p=8167"},"modified":"2023-03-28T14:41:03","modified_gmt":"2023-03-28T14:41:03","slug":"presentamos-el-pla-estrategic-de-lalimentacio-de-catalunya","status":"publish","type":"post","link":"https:\/\/www.ametllerorigenwp.com\/es\/presentamos-el-pla-estrategic-de-lalimentacio-de-catalunya\/","title":{"rendered":"Presentamos el Pla Estrat\u00e8gic de l\u2019Alimentaci\u00f3 de Catalunya"},"content":{"rendered":"<p>Esta semana hemos acogido la presentaci\u00f3n del <strong>Pla Estrat\u00e8gic de l\u2019Alimentaci\u00f3 de Catalunya, en una iniciativa impulsada por l\u2019Associaci\u00f3 per les Nacions Unides d\u2019Espanya en la cual nos sumamos junto con la Generalitat de Catalunya para apostar por la articulaci\u00f3n de un sistema alimentario sostenible, seguro, resiliente y de acceso universal y, m\u00e1s concretamente, que se disponga de una pol\u00edtica alimenticia de pa\u00eds \u00fanica y compartida.<\/strong><\/p>\n<p>Desde <strong>Ametller Origen<\/strong>, y en el marco de nuestra estrategia de sostenibilidad y alimentaci\u00f3n saludable, <strong>nos encargamos de llevar a cabo las siguientes acciones con el objetivo de promocionar unos h\u00e1bitos de vida saludables entre la poblaci\u00f3n<\/strong>:<\/p>\n<ul>\n<li>Oferta alimentaria cuidadosamente seleccionada.<\/li>\n<li>Campa\u00f1as de difusi\u00f3n para mejorar los h\u00e1bitos alimentarios a trav\u00e9s de talleres y charlas y publicaciones en diferentes canales (p\u00e1gina web, redes sociales, revista corporativa).<\/li>\n<li>Desde la Fundaci\u00f3n Ametller y con el apoyo del Departament de Salut i Ensenyament de la Generalitat de Catalunya, promovemos un programa de educaci\u00f3n nutricional en los centros educativos de Catalu\u00f1a.<\/li>\n<\/ul>\n<p>\u00a1Sigamos avanzando juntos hacia el camino en el que queremos vivir!<\/p>\n","protected":false},"excerpt":{"rendered":"<p>Esta semana hemos acogido la presentaci\u00f3n del Pla Estrat\u00e8gic de l\u2019Alimentaci\u00f3 de Catalunya, en una iniciativa impulsada por l\u2019Associaci\u00f3 per les Nacions Unides d\u2019Espanya en la cual nos sumamos junto con la Generalitat de Catalunya para apostar por la articulaci\u00f3n de un sistema alimentario sostenible, seguro, resiliente y de acceso universal y, m\u00e1s concretamente, que &hellip; <a href=\"https:\/\/www.ametllerorigenwp.com\/es\/presentamos-el-pla-estrategic-de-lalimentacio-de-catalunya\/\" class=\"more-link\">Continuar leyendo<span class=\"screen-reader-text\"> \u00abPresentamos el Pla Estrat\u00e8gic de l\u2019Alimentaci\u00f3 de Catalunya\u00bb<\/span><\/a><\/p>\n","protected":false},"author":5,"featured_media":8165,"comment_status":"closed","ping_status":"closed","sticky":false,"template":"","format":"standard","meta":{"_uag_custom_page_level_css":"","advgb_blocks_editor_width":"","advgb_blocks_columns_visual_guide":"","footnotes":""},"categories":[1],"tags":[],"class_list":["post-8167","post","type-post","status-publish","format-standard","has-post-thumbnail","hentry","category-noticias"],"author_meta":{"display_name":"Mireia Zaragoza","author_link":"https:\/\/www.ametllerorigenwp.com\/es\/author\/mzaragoza\/"},"featured_img":"https:\/\/www.ametllerorigenwp.com\/wp-content\/uploads\/2023\/03\/Proyecto-nuevo-1-1-300x102.jpg","uagb_featured_image_src":{"full":["https:\/\/www.ametllerorigenwp.com\/wp-content\/uploads\/2023\/03\/Proyecto-nuevo-1-1.jpg",1000,340,false],"thumbnail":["https:\/\/www.ametllerorigenwp.com\/wp-content\/uploads\/2023\/03\/Proyecto-nuevo-1-1-150x150.jpg",150,150,true],"medium":["https:\/\/www.ametllerorigenwp.com\/wp-content\/uploads\/2023\/03\/Proyecto-nuevo-1-1-300x102.jpg",300,102,true],"medium_large":["https:\/\/www.ametllerorigenwp.com\/wp-content\/uploads\/2023\/03\/Proyecto-nuevo-1-1-768x261.jpg",768,261,true],"large":["https:\/\/www.ametllerorigenwp.com\/wp-content\/uploads\/2023\/03\/Proyecto-nuevo-1-1.jpg",840,286,false],"1536x1536":["https:\/\/www.ametllerorigenwp.com\/wp-content\/uploads\/2023\/03\/Proyecto-nuevo-1-1.jpg",1000,340,false],"2048x2048":["https:\/\/www.ametllerorigenwp.com\/wp-content\/uploads\/2023\/03\/Proyecto-nuevo-1-1.jpg",1000,340,false],"post-thumbnail":["https:\/\/www.ametllerorigenwp.com\/wp-content\/uploads\/2023\/03\/Proyecto-nuevo-1-1.jpg",1000,340,false]},"uagb_author_info":{"display_name":"Mireia Zaragoza","author_link":"https:\/\/www.ametllerorigenwp.com\/es\/author\/mzaragoza\/"},"uagb_comment_info":0,"uagb_excerpt":"Esta semana hemos acogido la presentaci\u00f3n del Pla Estrat\u00e8gic de l\u2019Alimentaci\u00f3 de Catalunya, en una iniciativa impulsada por l\u2019Associaci\u00f3 per les Nacions Unides d\u2019Espanya en la cual nos sumamos junto con la Generalitat de Catalunya para apostar por la articulaci\u00f3n de un sistema alimentario sostenible, seguro, resiliente y de acceso universal y, m\u00e1s concretamente, que&hellip;","coauthors":[],"tax_additional":{"categories":{"linked":["<a href=\"https:\/\/www.ametllerorigenwp.com\/es\/category\/noticias\/\" class=\"advgb-post-tax-term\">Noticias<\/a>"],"unlinked":["<span class=\"advgb-post-tax-term\">Noticias<\/span>"]}},"comment_count":"0","relative_dates":{"created":"Publicado 3 a\u00f1os hace","modified":"Actualizado 3 a\u00f1os hace"},"absolute_dates":{"created":"Publicado el 29 de marzo de 2023","modified":"Actualizado el 28 de marzo de 2023"},"absolute_dates_time":{"created":"Publicado el 29 de marzo de 2023 01:00","modified":"Actualizado el 28 de marzo de 2023 14:41"},"featured_img_caption":"","series_order":"","show_in_app":true,"fecha_inicio_destacado":null,"hora_inicio_visualizacion":null,"minutos_inicio_visualizacion":null,"fecha_final_destacado":null,"hora_final_visualizacion":null,"minutos_final_visualizacion":null,"posicion_visualizacion":null,"estado_destacado":null,"niveles_destacados":null,"url_del_enlace":null,"banner_destacado":null,"posicion_visualizacion_de_la_noticia":"01","estado_noticia":["Visible"],"fecha_de_inicio_de_visualizacion_del_tutorial":null,"hora_inicio_visualizacion_tutorial":null,"minutos_inicio_visualizacion_tutorial":null,"fecha_de_final_de_visualizacion_del_tutorial":null,"hora_final_visualizacion_tutorial":null,"minutos_final_visualizacion_tutorial":null,"numero_de_veces_visto":null,"numero_de_veces_total":null,"niveles_tutorial":null,"tutorial_recursos_castellano":null,"tutorial_recursos_catalan":null,"dias_disponibles":null,"dias_de_la_semana":null,"dias_del_mes":null,"other_lang_post_id":null,"lang":"es","campanya_descripcion":null,"campanya_fecha_inicio":null,"campanya_fecha_fin":null,"campanya_legales":null,"campanya_imagen":null,"campanya_characteristics":null,"campanya_url":null,"campanya_posicion_visualizacion":null,"campanya_estado":null,"_links":{"self":[{"href":"https:\/\/www.ametllerorigenwp.com\/es\/wp-json\/wp\/v2\/posts\/8167","targetHints":{"allow":["GET"]}}],"collection":[{"href":"https:\/\/www.ametllerorigenwp.com\/es\/wp-json\/wp\/v2\/posts"}],"about":[{"href":"https:\/\/www.ametllerorigenwp.com\/es\/wp-json\/wp\/v2\/types\/post"}],"author":[{"embeddable":true,"href":"https:\/\/www.ametllerorigenwp.com\/es\/wp-json\/wp\/v2\/users\/5"}],"replies":[{"embeddable":true,"href":"https:\/\/www.ametllerorigenwp.com\/es\/wp-json\/wp\/v2\/comments?post=8167"}],"version-history":[{"count":1,"href":"https:\/\/www.ametllerorigenwp.com\/es\/wp-json\/wp\/v2\/posts\/8167\/revisions"}],"predecessor-version":[{"id":8168,"href":"https:\/\/www.ametllerorigenwp.com\/es\/wp-json\/wp\/v2\/posts\/8167\/revisions\/8168"}],"wp:featuredmedia":[{"embeddable":true,"href":"https:\/\/www.ametllerorigenwp.com\/es\/wp-json\/wp\/v2\/media\/8165"}],"wp:attachment":[{"href":"https:\/\/www.ametllerorigenwp.com\/es\/wp-json\/wp\/v2\/media?parent=8167"}],"wp:term":[{"taxonomy":"category","embeddable":true,"href":"https:\/\/www.ametllerorigenwp.com\/es\/wp-json\/wp\/v2\/categories?post=8167"},{"taxonomy":"post_tag","embeddable":true,"href":"https:\/\/www.ametllerorigenwp.com\/es\/wp-json\/wp\/v2\/tags?post=8167"}],"curies":[{"name":"wp","href":"https:\/\/api.w.org\/{rel}","templated":true}]}}