{"id":8347,"date":"2023-04-20T01:00:43","date_gmt":"2023-04-20T01:00:43","guid":{"rendered":"https:\/\/www.ametllerorigenwp.com\/?p=8347"},"modified":"2023-04-19T14:17:35","modified_gmt":"2023-04-19T14:17:35","slug":"sumamos-esfuerzos-con-la-fundacion-tennis-barcelona-en-beneficio-de-los-ninos","status":"publish","type":"post","link":"https:\/\/www.ametllerorigenwp.com\/es\/sumamos-esfuerzos-con-la-fundacion-tennis-barcelona-en-beneficio-de-los-ninos\/","title":{"rendered":"Sumamos esfuerzos con la Fundaci\u00f3n Tennis Barcelona en beneficio de los ni\u00f1os"},"content":{"rendered":"<p><strong>Nos hemos sumado a la iniciativa \u201cLa Raqueta Solidaria\u201d de la Fundaci\u00f3n Tennis Barcelona con el objetivo de recaudar fondos para los ni\u00f1os que se encuentran en una situaci\u00f3n de vulnerabilidad<\/strong>. Durante estos d\u00edas que se celebra el torneo de tenis Conde God\u00f3 2023, las personas que quieran sumarse pueden hacer su aportaci\u00f3n in situ o bien a trav\u00e9s de la web <a href=\"http:\/\/www.raquetasolidaria.org\">www.raquetasolidaria.org<\/a> y entre todos los participantes se sortear\u00e1 la raqueta del campe\u00f3n.<\/p>\n<p><strong>Con todos los fondos recaudados, la Escuela de la Fundaci\u00f3n de Tennis Barcelona asegura que m\u00e1s de 300 ni\u00f1os con dificultades puedan practicar deporte y fomentar as\u00ed unos h\u00e1bitos de vida saludables<\/strong>.<\/p>\n<p>\u00a1Sigamos avanzando juntos hacia el mundo en el que queremos vivir!<\/p>\n","protected":false},"excerpt":{"rendered":"<p>Nos hemos sumado a la iniciativa \u201cLa Raqueta Solidaria\u201d de la Fundaci\u00f3n Tennis Barcelona con el objetivo de recaudar fondos para los ni\u00f1os que se encuentran en una situaci\u00f3n de vulnerabilidad. Durante estos d\u00edas que se celebra el torneo de tenis Conde God\u00f3 2023, las personas que quieran sumarse pueden hacer su aportaci\u00f3n in situ &hellip; <a href=\"https:\/\/www.ametllerorigenwp.com\/es\/sumamos-esfuerzos-con-la-fundacion-tennis-barcelona-en-beneficio-de-los-ninos\/\" class=\"more-link\">Continuar leyendo<span class=\"screen-reader-text\"> \u00abSumamos esfuerzos con la Fundaci\u00f3n Tennis Barcelona en beneficio de los ni\u00f1os\u00bb<\/span><\/a><\/p>\n","protected":false},"author":5,"featured_media":8348,"comment_status":"closed","ping_status":"closed","sticky":false,"template":"","format":"standard","meta":{"_uag_custom_page_level_css":"","advgb_blocks_editor_width":"","advgb_blocks_columns_visual_guide":"","footnotes":""},"categories":[1],"tags":[],"class_list":["post-8347","post","type-post","status-publish","format-standard","has-post-thumbnail","hentry","category-noticias"],"author_meta":{"display_name":"Mireia Zaragoza","author_link":"https:\/\/www.ametllerorigenwp.com\/es\/author\/mzaragoza\/"},"featured_img":"https:\/\/www.ametllerorigenwp.com\/wp-content\/uploads\/2023\/04\/nens_2.5.1-300x102.jpg","uagb_featured_image_src":{"full":["https:\/\/www.ametllerorigenwp.com\/wp-content\/uploads\/2023\/04\/nens_2.5.1.jpg",1000,340,false],"thumbnail":["https:\/\/www.ametllerorigenwp.com\/wp-content\/uploads\/2023\/04\/nens_2.5.1-150x150.jpg",150,150,true],"medium":["https:\/\/www.ametllerorigenwp.com\/wp-content\/uploads\/2023\/04\/nens_2.5.1-300x102.jpg",300,102,true],"medium_large":["https:\/\/www.ametllerorigenwp.com\/wp-content\/uploads\/2023\/04\/nens_2.5.1-768x261.jpg",768,261,true],"large":["https:\/\/www.ametllerorigenwp.com\/wp-content\/uploads\/2023\/04\/nens_2.5.1.jpg",840,286,false],"1536x1536":["https:\/\/www.ametllerorigenwp.com\/wp-content\/uploads\/2023\/04\/nens_2.5.1.jpg",1000,340,false],"2048x2048":["https:\/\/www.ametllerorigenwp.com\/wp-content\/uploads\/2023\/04\/nens_2.5.1.jpg",1000,340,false],"post-thumbnail":["https:\/\/www.ametllerorigenwp.com\/wp-content\/uploads\/2023\/04\/nens_2.5.1.jpg",1000,340,false]},"uagb_author_info":{"display_name":"Mireia Zaragoza","author_link":"https:\/\/www.ametllerorigenwp.com\/es\/author\/mzaragoza\/"},"uagb_comment_info":0,"uagb_excerpt":"Nos hemos sumado a la iniciativa \u201cLa Raqueta Solidaria\u201d de la Fundaci\u00f3n Tennis Barcelona con el objetivo de recaudar fondos para los ni\u00f1os que se encuentran en una situaci\u00f3n de vulnerabilidad. Durante estos d\u00edas que se celebra el torneo de tenis Conde God\u00f3 2023, las personas que quieran sumarse pueden hacer su aportaci\u00f3n in situ&hellip;","coauthors":[],"tax_additional":{"categories":{"linked":["<a href=\"https:\/\/www.ametllerorigenwp.com\/es\/category\/noticias\/\" class=\"advgb-post-tax-term\">Noticias<\/a>"],"unlinked":["<span class=\"advgb-post-tax-term\">Noticias<\/span>"]}},"comment_count":"0","relative_dates":{"created":"Publicado 3 a\u00f1os hace","modified":"Actualizado 3 a\u00f1os hace"},"absolute_dates":{"created":"Publicado el 20 de abril de 2023","modified":"Actualizado el 19 de abril de 2023"},"absolute_dates_time":{"created":"Publicado el 20 de abril de 2023 01:00","modified":"Actualizado el 19 de abril de 2023 14:17"},"featured_img_caption":"","series_order":"","show_in_app":true,"fecha_inicio_destacado":null,"hora_inicio_visualizacion":null,"minutos_inicio_visualizacion":null,"fecha_final_destacado":null,"hora_final_visualizacion":null,"minutos_final_visualizacion":null,"posicion_visualizacion":null,"estado_destacado":null,"niveles_destacados":null,"url_del_enlace":null,"banner_destacado":null,"posicion_visualizacion_de_la_noticia":"01","estado_noticia":["Visible"],"fecha_de_inicio_de_visualizacion_del_tutorial":null,"hora_inicio_visualizacion_tutorial":null,"minutos_inicio_visualizacion_tutorial":null,"fecha_de_final_de_visualizacion_del_tutorial":null,"hora_final_visualizacion_tutorial":null,"minutos_final_visualizacion_tutorial":null,"numero_de_veces_visto":null,"numero_de_veces_total":null,"niveles_tutorial":null,"tutorial_recursos_castellano":null,"tutorial_recursos_catalan":null,"dias_disponibles":null,"dias_de_la_semana":null,"dias_del_mes":null,"other_lang_post_id":null,"lang":"es","campanya_descripcion":null,"campanya_fecha_inicio":null,"campanya_fecha_fin":null,"campanya_legales":null,"campanya_imagen":null,"campanya_characteristics":null,"campanya_url":null,"campanya_posicion_visualizacion":null,"campanya_estado":null,"_links":{"self":[{"href":"https:\/\/www.ametllerorigenwp.com\/es\/wp-json\/wp\/v2\/posts\/8347","targetHints":{"allow":["GET"]}}],"collection":[{"href":"https:\/\/www.ametllerorigenwp.com\/es\/wp-json\/wp\/v2\/posts"}],"about":[{"href":"https:\/\/www.ametllerorigenwp.com\/es\/wp-json\/wp\/v2\/types\/post"}],"author":[{"embeddable":true,"href":"https:\/\/www.ametllerorigenwp.com\/es\/wp-json\/wp\/v2\/users\/5"}],"replies":[{"embeddable":true,"href":"https:\/\/www.ametllerorigenwp.com\/es\/wp-json\/wp\/v2\/comments?post=8347"}],"version-history":[{"count":1,"href":"https:\/\/www.ametllerorigenwp.com\/es\/wp-json\/wp\/v2\/posts\/8347\/revisions"}],"predecessor-version":[{"id":8350,"href":"https:\/\/www.ametllerorigenwp.com\/es\/wp-json\/wp\/v2\/posts\/8347\/revisions\/8350"}],"wp:featuredmedia":[{"embeddable":true,"href":"https:\/\/www.ametllerorigenwp.com\/es\/wp-json\/wp\/v2\/media\/8348"}],"wp:attachment":[{"href":"https:\/\/www.ametllerorigenwp.com\/es\/wp-json\/wp\/v2\/media?parent=8347"}],"wp:term":[{"taxonomy":"category","embeddable":true,"href":"https:\/\/www.ametllerorigenwp.com\/es\/wp-json\/wp\/v2\/categories?post=8347"},{"taxonomy":"post_tag","embeddable":true,"href":"https:\/\/www.ametllerorigenwp.com\/es\/wp-json\/wp\/v2\/tags?post=8347"}],"curies":[{"name":"wp","href":"https:\/\/api.w.org\/{rel}","templated":true}]}}