{"id":8407,"date":"2023-04-26T01:00:23","date_gmt":"2023-04-26T01:00:23","guid":{"rendered":"https:\/\/www.ametllerorigenwp.com\/?p=8407"},"modified":"2023-04-25T14:31:32","modified_gmt":"2023-04-25T14:31:32","slug":"los-vinos-de-familia-ametller-en-la-fira-del-vi-de-falset","status":"publish","type":"post","link":"https:\/\/www.ametllerorigenwp.com\/es\/los-vinos-de-familia-ametller-en-la-fira-del-vi-de-falset\/","title":{"rendered":"Los vinos de Familia Ametller, en la Fira del Vi de Falset"},"content":{"rendered":"<p>A partir de<strong> este viernes y hasta el lunes 1 de mayo<\/strong>, los amantes del vino tienen una cita: <a href=\"https:\/\/www.firadelvi.org\/es\/\"><strong>la Fira del Vi de Falset<\/strong><\/a>, un evento obligatorio para los aficionados y profesionales del sector, y donde, un a\u00f1o m\u00e1s,<strong> estar\u00e1n los vinos de las nuevas a\u00f1adas de Fam\u00edlia Ametller<\/strong> (<em>stand <\/em>n\u00famero 8).<\/p>\n<p>Unos vinos elaborados en el Priorat en las fincas de propiedad de Fam\u00edlia Ametller; que forman <strong>una amplia gama de vinos blancos, rosados y tintos j\u00f3venes y otros de larga crianza<\/strong>.<\/p>\n<p>Los visitantes que se acerquen hasta el <em>stand <\/em>y ense\u00f1en la tarjeta cliente de Ametller Origen tendr\u00e1n un descuento.<\/p>\n<p>&nbsp;<\/p>\n","protected":false},"excerpt":{"rendered":"<p>A partir de este viernes y hasta el lunes 1 de mayo, los amantes del vino tienen una cita: la Fira del Vi de Falset, un evento obligatorio para los aficionados y profesionales del sector, y donde, un a\u00f1o m\u00e1s, estar\u00e1n los vinos de las nuevas a\u00f1adas de Fam\u00edlia Ametller (stand n\u00famero 8). Unos vinos &hellip; <a href=\"https:\/\/www.ametllerorigenwp.com\/es\/los-vinos-de-familia-ametller-en-la-fira-del-vi-de-falset\/\" class=\"more-link\">Continuar leyendo<span class=\"screen-reader-text\"> \u00abLos vinos de Familia Ametller, en la Fira del Vi de Falset\u00bb<\/span><\/a><\/p>\n","protected":false},"author":5,"featured_media":3441,"comment_status":"closed","ping_status":"closed","sticky":false,"template":"","format":"standard","meta":{"_uag_custom_page_level_css":"","advgb_blocks_editor_width":"","advgb_blocks_columns_visual_guide":"","footnotes":""},"categories":[1],"tags":[],"class_list":["post-8407","post","type-post","status-publish","format-standard","has-post-thumbnail","hentry","category-noticias"],"author_meta":{"display_name":"Mireia Zaragoza","author_link":"https:\/\/www.ametllerorigenwp.com\/es\/author\/mzaragoza\/"},"featured_img":"https:\/\/www.ametllerorigenwp.com\/wp-content\/uploads\/2021\/09\/APP_Raim_1000x340-300x102.jpg","uagb_featured_image_src":{"full":["https:\/\/www.ametllerorigenwp.com\/wp-content\/uploads\/2021\/09\/APP_Raim_1000x340.jpg",1000,340,false],"thumbnail":["https:\/\/www.ametllerorigenwp.com\/wp-content\/uploads\/2021\/09\/APP_Raim_1000x340-150x150.jpg",150,150,true],"medium":["https:\/\/www.ametllerorigenwp.com\/wp-content\/uploads\/2021\/09\/APP_Raim_1000x340-300x102.jpg",300,102,true],"medium_large":["https:\/\/www.ametllerorigenwp.com\/wp-content\/uploads\/2021\/09\/APP_Raim_1000x340-768x261.jpg",768,261,true],"large":["https:\/\/www.ametllerorigenwp.com\/wp-content\/uploads\/2021\/09\/APP_Raim_1000x340.jpg",840,286,false],"1536x1536":["https:\/\/www.ametllerorigenwp.com\/wp-content\/uploads\/2021\/09\/APP_Raim_1000x340.jpg",1000,340,false],"2048x2048":["https:\/\/www.ametllerorigenwp.com\/wp-content\/uploads\/2021\/09\/APP_Raim_1000x340.jpg",1000,340,false],"post-thumbnail":["https:\/\/www.ametllerorigenwp.com\/wp-content\/uploads\/2021\/09\/APP_Raim_1000x340.jpg",1000,340,false]},"uagb_author_info":{"display_name":"Mireia Zaragoza","author_link":"https:\/\/www.ametllerorigenwp.com\/es\/author\/mzaragoza\/"},"uagb_comment_info":0,"uagb_excerpt":"A partir de este viernes y hasta el lunes 1 de mayo, los amantes del vino tienen una cita: la Fira del Vi de Falset, un evento obligatorio para los aficionados y profesionales del sector, y donde, un a\u00f1o m\u00e1s, estar\u00e1n los vinos de las nuevas a\u00f1adas de Fam\u00edlia Ametller (stand n\u00famero 8). Unos vinos&hellip;","coauthors":[],"tax_additional":{"categories":{"linked":["<a href=\"https:\/\/www.ametllerorigenwp.com\/es\/category\/noticias\/\" class=\"advgb-post-tax-term\">Noticias<\/a>"],"unlinked":["<span class=\"advgb-post-tax-term\">Noticias<\/span>"]}},"comment_count":"0","relative_dates":{"created":"Publicado 3 a\u00f1os hace","modified":"Actualizado 3 a\u00f1os hace"},"absolute_dates":{"created":"Publicado el 26 de abril de 2023","modified":"Actualizado el 25 de abril de 2023"},"absolute_dates_time":{"created":"Publicado el 26 de abril de 2023 01:00","modified":"Actualizado el 25 de abril de 2023 14:31"},"featured_img_caption":"","series_order":"","show_in_app":true,"fecha_inicio_destacado":null,"hora_inicio_visualizacion":null,"minutos_inicio_visualizacion":null,"fecha_final_destacado":null,"hora_final_visualizacion":null,"minutos_final_visualizacion":null,"posicion_visualizacion":null,"estado_destacado":null,"niveles_destacados":null,"url_del_enlace":null,"banner_destacado":null,"posicion_visualizacion_de_la_noticia":"01","estado_noticia":["Visible"],"fecha_de_inicio_de_visualizacion_del_tutorial":null,"hora_inicio_visualizacion_tutorial":null,"minutos_inicio_visualizacion_tutorial":null,"fecha_de_final_de_visualizacion_del_tutorial":null,"hora_final_visualizacion_tutorial":null,"minutos_final_visualizacion_tutorial":null,"numero_de_veces_visto":null,"numero_de_veces_total":null,"niveles_tutorial":null,"tutorial_recursos_castellano":null,"tutorial_recursos_catalan":null,"dias_disponibles":null,"dias_de_la_semana":null,"dias_del_mes":null,"other_lang_post_id":null,"lang":"es","campanya_descripcion":null,"campanya_fecha_inicio":null,"campanya_fecha_fin":null,"campanya_legales":null,"campanya_imagen":null,"campanya_characteristics":null,"campanya_url":null,"campanya_posicion_visualizacion":null,"campanya_estado":null,"_links":{"self":[{"href":"https:\/\/www.ametllerorigenwp.com\/es\/wp-json\/wp\/v2\/posts\/8407","targetHints":{"allow":["GET"]}}],"collection":[{"href":"https:\/\/www.ametllerorigenwp.com\/es\/wp-json\/wp\/v2\/posts"}],"about":[{"href":"https:\/\/www.ametllerorigenwp.com\/es\/wp-json\/wp\/v2\/types\/post"}],"author":[{"embeddable":true,"href":"https:\/\/www.ametllerorigenwp.com\/es\/wp-json\/wp\/v2\/users\/5"}],"replies":[{"embeddable":true,"href":"https:\/\/www.ametllerorigenwp.com\/es\/wp-json\/wp\/v2\/comments?post=8407"}],"version-history":[{"count":2,"href":"https:\/\/www.ametllerorigenwp.com\/es\/wp-json\/wp\/v2\/posts\/8407\/revisions"}],"predecessor-version":[{"id":8410,"href":"https:\/\/www.ametllerorigenwp.com\/es\/wp-json\/wp\/v2\/posts\/8407\/revisions\/8410"}],"wp:featuredmedia":[{"embeddable":true,"href":"https:\/\/www.ametllerorigenwp.com\/es\/wp-json\/wp\/v2\/media\/3441"}],"wp:attachment":[{"href":"https:\/\/www.ametllerorigenwp.com\/es\/wp-json\/wp\/v2\/media?parent=8407"}],"wp:term":[{"taxonomy":"category","embeddable":true,"href":"https:\/\/www.ametllerorigenwp.com\/es\/wp-json\/wp\/v2\/categories?post=8407"},{"taxonomy":"post_tag","embeddable":true,"href":"https:\/\/www.ametllerorigenwp.com\/es\/wp-json\/wp\/v2\/tags?post=8407"}],"curies":[{"name":"wp","href":"https:\/\/api.w.org\/{rel}","templated":true}]}}