{"id":8645,"date":"2023-05-20T01:00:24","date_gmt":"2023-05-20T01:00:24","guid":{"rendered":"https:\/\/www.ametllerorigenwp.com\/?p=8645"},"modified":"2023-05-20T10:23:26","modified_gmt":"2023-05-20T10:23:26","slug":"gala-solidaria-en-beneficio-de-la-ela-en-el-antic-moli","status":"publish","type":"post","link":"https:\/\/www.ametllerorigenwp.com\/es\/gala-solidaria-en-beneficio-de-la-ela-en-el-antic-moli\/","title":{"rendered":"Gala Solidaria en beneficio de la ELA en el Antic Mol\u00ed"},"content":{"rendered":"<p>Como cierre de la campa\u00f1a Cocina Solidaria y coincidiendo con el D\u00eda Mundial de la ELA,\u00a0<strong>Ametller Origen y el restaurante con Estrella Michelin y Estrella Verde, el Antic Mol\u00ed <\/strong>(Carretera Ulldecona, La S\u00e9nia, km 10) <strong>organizamos una cena solidaria para recaudar fondos para la Fundaci\u00f3n Catalana de la ELA Miquel Valls<\/strong>. El 100% del dinero de las entradas se destinar\u00e1 a la entidad para mejorar la calidad de vida de pacientes y familiares.<\/p>\n<p><strong>La cena, <\/strong>que se celebrar\u00e1 el pr\u00f3ximo viernes 16 de junio<strong>, contar\u00e1 con la asistencia del exfutbolista Juan Carlos Unzu\u00e9 y los chefs Ada Parellada y Vicent Guimer\u00e0 y otras personalidades relevantes<\/strong>.<\/p>\n<p>La gala solidaria cuenta con la colaboraci\u00f3n de Alex\u2019s, l\u2019Ajuntament d\u2019Ulldecona, Blaucar, Boix Verd Floristes, Caf\u00e8s Novell, Canal Terres de l\u2019Ebre, Canal 21, Dehesas de las Cumbres, Denominaci\u00f3 d\u2019Origen Terra Alta, Gr\u00e0fics, Iberconseil, Imagina R\u00e0dio, Pirinat Carn Ecol\u00f2gica, Mobenia, Tegar y Stock Plus.<\/p>\n<p>\u00a1Compra tu <a href=\"https:\/\/mercat-autors.ametllerorigen.com\/galasolidariaenbeneficidelelaalanticmoli1\">entrada<\/a> y aporta tu granito de arena!<\/p>\n","protected":false},"excerpt":{"rendered":"<p>Como cierre de la campa\u00f1a Cocina Solidaria y coincidiendo con el D\u00eda Mundial de la ELA,\u00a0Ametller Origen y el restaurante con Estrella Michelin y Estrella Verde, el Antic Mol\u00ed (Carretera Ulldecona, La S\u00e9nia, km 10) organizamos una cena solidaria para recaudar fondos para la Fundaci\u00f3n Catalana de la ELA Miquel Valls. El 100% del dinero &hellip; <a href=\"https:\/\/www.ametllerorigenwp.com\/es\/gala-solidaria-en-beneficio-de-la-ela-en-el-antic-moli\/\" class=\"more-link\">Continuar leyendo<span class=\"screen-reader-text\"> \u00abGala Solidaria en beneficio de la ELA en el Antic Mol\u00ed\u00bb<\/span><\/a><\/p>\n","protected":false},"author":5,"featured_media":8646,"comment_status":"closed","ping_status":"closed","sticky":false,"template":"","format":"standard","meta":{"_uag_custom_page_level_css":"","advgb_blocks_editor_width":"","advgb_blocks_columns_visual_guide":"","footnotes":""},"categories":[1],"tags":[],"class_list":["post-8645","post","type-post","status-publish","format-standard","has-post-thumbnail","hentry","category-noticias"],"author_meta":{"display_name":"Mireia Zaragoza","author_link":"https:\/\/www.ametllerorigenwp.com\/es\/author\/mzaragoza\/"},"featured_img":"https:\/\/www.ametllerorigenwp.com\/wp-content\/uploads\/2023\/05\/Proyecto-nuevo-3-300x174.png","uagb_featured_image_src":{"full":["https:\/\/www.ametllerorigenwp.com\/wp-content\/uploads\/2023\/05\/Proyecto-nuevo-3.png",1000,581,false],"thumbnail":["https:\/\/www.ametllerorigenwp.com\/wp-content\/uploads\/2023\/05\/Proyecto-nuevo-3-150x150.png",150,150,true],"medium":["https:\/\/www.ametllerorigenwp.com\/wp-content\/uploads\/2023\/05\/Proyecto-nuevo-3-300x174.png",300,174,true],"medium_large":["https:\/\/www.ametllerorigenwp.com\/wp-content\/uploads\/2023\/05\/Proyecto-nuevo-3-768x446.png",768,446,true],"large":["https:\/\/www.ametllerorigenwp.com\/wp-content\/uploads\/2023\/05\/Proyecto-nuevo-3.png",840,488,false],"1536x1536":["https:\/\/www.ametllerorigenwp.com\/wp-content\/uploads\/2023\/05\/Proyecto-nuevo-3.png",1000,581,false],"2048x2048":["https:\/\/www.ametllerorigenwp.com\/wp-content\/uploads\/2023\/05\/Proyecto-nuevo-3.png",1000,581,false],"post-thumbnail":["https:\/\/www.ametllerorigenwp.com\/wp-content\/uploads\/2023\/05\/Proyecto-nuevo-3.png",1000,581,false]},"uagb_author_info":{"display_name":"Mireia Zaragoza","author_link":"https:\/\/www.ametllerorigenwp.com\/es\/author\/mzaragoza\/"},"uagb_comment_info":0,"uagb_excerpt":"Como cierre de la campa\u00f1a Cocina Solidaria y coincidiendo con el D\u00eda Mundial de la ELA,\u00a0Ametller Origen y el restaurante con Estrella Michelin y Estrella Verde, el Antic Mol\u00ed (Carretera Ulldecona, La S\u00e9nia, km 10) organizamos una cena solidaria para recaudar fondos para la Fundaci\u00f3n Catalana de la ELA Miquel Valls. El 100% del dinero&hellip;","coauthors":[],"tax_additional":{"categories":{"linked":["<a href=\"https:\/\/www.ametllerorigenwp.com\/es\/category\/noticias\/\" class=\"advgb-post-tax-term\">Noticias<\/a>"],"unlinked":["<span class=\"advgb-post-tax-term\">Noticias<\/span>"]}},"comment_count":"0","relative_dates":{"created":"Publicado 3 a\u00f1os hace","modified":"Actualizado 3 a\u00f1os hace"},"absolute_dates":{"created":"Publicado el 20 de mayo de 2023","modified":"Actualizado el 20 de mayo de 2023"},"absolute_dates_time":{"created":"Publicado el 20 de mayo de 2023 01:00","modified":"Actualizado el 20 de mayo de 2023 10:23"},"featured_img_caption":"","series_order":"","show_in_app":true,"fecha_inicio_destacado":null,"hora_inicio_visualizacion":null,"minutos_inicio_visualizacion":null,"fecha_final_destacado":null,"hora_final_visualizacion":null,"minutos_final_visualizacion":null,"posicion_visualizacion":null,"estado_destacado":null,"niveles_destacados":null,"url_del_enlace":null,"banner_destacado":null,"posicion_visualizacion_de_la_noticia":"01","estado_noticia":["Visible"],"fecha_de_inicio_de_visualizacion_del_tutorial":null,"hora_inicio_visualizacion_tutorial":null,"minutos_inicio_visualizacion_tutorial":null,"fecha_de_final_de_visualizacion_del_tutorial":null,"hora_final_visualizacion_tutorial":null,"minutos_final_visualizacion_tutorial":null,"numero_de_veces_visto":null,"numero_de_veces_total":null,"niveles_tutorial":null,"tutorial_recursos_castellano":null,"tutorial_recursos_catalan":null,"dias_disponibles":null,"dias_de_la_semana":null,"dias_del_mes":null,"other_lang_post_id":null,"lang":"es","campanya_descripcion":null,"campanya_fecha_inicio":null,"campanya_fecha_fin":null,"campanya_legales":null,"campanya_imagen":null,"campanya_characteristics":null,"campanya_url":null,"campanya_posicion_visualizacion":null,"campanya_estado":null,"_links":{"self":[{"href":"https:\/\/www.ametllerorigenwp.com\/es\/wp-json\/wp\/v2\/posts\/8645","targetHints":{"allow":["GET"]}}],"collection":[{"href":"https:\/\/www.ametllerorigenwp.com\/es\/wp-json\/wp\/v2\/posts"}],"about":[{"href":"https:\/\/www.ametllerorigenwp.com\/es\/wp-json\/wp\/v2\/types\/post"}],"author":[{"embeddable":true,"href":"https:\/\/www.ametllerorigenwp.com\/es\/wp-json\/wp\/v2\/users\/5"}],"replies":[{"embeddable":true,"href":"https:\/\/www.ametllerorigenwp.com\/es\/wp-json\/wp\/v2\/comments?post=8645"}],"version-history":[{"count":3,"href":"https:\/\/www.ametllerorigenwp.com\/es\/wp-json\/wp\/v2\/posts\/8645\/revisions"}],"predecessor-version":[{"id":8661,"href":"https:\/\/www.ametllerorigenwp.com\/es\/wp-json\/wp\/v2\/posts\/8645\/revisions\/8661"}],"wp:featuredmedia":[{"embeddable":true,"href":"https:\/\/www.ametllerorigenwp.com\/es\/wp-json\/wp\/v2\/media\/8646"}],"wp:attachment":[{"href":"https:\/\/www.ametllerorigenwp.com\/es\/wp-json\/wp\/v2\/media?parent=8645"}],"wp:term":[{"taxonomy":"category","embeddable":true,"href":"https:\/\/www.ametllerorigenwp.com\/es\/wp-json\/wp\/v2\/categories?post=8645"},{"taxonomy":"post_tag","embeddable":true,"href":"https:\/\/www.ametllerorigenwp.com\/es\/wp-json\/wp\/v2\/tags?post=8645"}],"curies":[{"name":"wp","href":"https:\/\/api.w.org\/{rel}","templated":true}]}}