{"id":8818,"date":"2023-06-01T01:00:30","date_gmt":"2023-06-01T01:00:30","guid":{"rendered":"https:\/\/www.ametllerorigenwp.com\/?p=8818"},"modified":"2023-05-31T15:50:07","modified_gmt":"2023-05-31T15:50:07","slug":"vive-el-verano-mas-refrescante-con-la-primera-kombucha-del-cruilla-de-edicion-especial-limitada","status":"publish","type":"post","link":"https:\/\/www.ametllerorigenwp.com\/es\/vive-el-verano-mas-refrescante-con-la-primera-kombucha-del-cruilla-de-edicion-especial-limitada\/","title":{"rendered":"Vive el verano m\u00e1s refrescante con la primera Kombucha del Cru\u00eflla, \u00a1de edici\u00f3n especial limitada!"},"content":{"rendered":"<p>\u00bfTe has preguntado qu\u00e9 sabor tiene el Cru\u00eflla? <strong>Este a\u00f1o, la dulzura del mel\u00f3n, la frescura de la menta y la energ\u00eda del festival se unen en la nueva Kombucha del Cru\u00eflla: una edici\u00f3n especial limitada que hemos creado junto con el Festival Cru\u00eflla para los amantes de la m\u00fasica y el buen gusto.<\/strong><\/p>\n<p>Entre todas las personas que compren la edici\u00f3n limitada de la Kombucha Cru\u00eflla, del 1 al 15 de junio en la tienda f\u00edsica o en la <a href=\"https:\/\/www.ametllerorigen.com\/es\/kombucha-melon-y-menta-eco-ametller-origen-330ml\/p?sc=14\">tienda online<\/a>, \u00a1<strong>sortearemos 10 abonos completos para disfrutar de los mejores conciertos del Cru\u00eflla<\/strong>!<\/p>\n","protected":false},"excerpt":{"rendered":"<p>\u00bfTe has preguntado qu\u00e9 sabor tiene el Cru\u00eflla? Este a\u00f1o, la dulzura del mel\u00f3n, la frescura de la menta y la energ\u00eda del festival se unen en la nueva Kombucha del Cru\u00eflla: una edici\u00f3n especial limitada que hemos creado junto con el Festival Cru\u00eflla para los amantes de la m\u00fasica y el buen gusto. Entre &hellip; <a href=\"https:\/\/www.ametllerorigenwp.com\/es\/vive-el-verano-mas-refrescante-con-la-primera-kombucha-del-cruilla-de-edicion-especial-limitada\/\" class=\"more-link\">Continuar leyendo<span class=\"screen-reader-text\"> \u00abVive el verano m\u00e1s refrescante con la primera Kombucha del Cru\u00eflla, \u00a1de edici\u00f3n especial limitada!\u00bb<\/span><\/a><\/p>\n","protected":false},"author":5,"featured_media":8819,"comment_status":"closed","ping_status":"closed","sticky":false,"template":"","format":"standard","meta":{"_uag_custom_page_level_css":"","advgb_blocks_editor_width":"","advgb_blocks_columns_visual_guide":"","footnotes":""},"categories":[1],"tags":[],"class_list":["post-8818","post","type-post","status-publish","format-standard","has-post-thumbnail","hentry","category-noticias"],"author_meta":{"display_name":"Mireia Zaragoza","author_link":"https:\/\/www.ametllerorigenwp.com\/es\/author\/mzaragoza\/"},"featured_img":"https:\/\/www.ametllerorigenwp.com\/wp-content\/uploads\/2023\/05\/APP_Cruilla_ES-300x102.jpg","uagb_featured_image_src":{"full":["https:\/\/www.ametllerorigenwp.com\/wp-content\/uploads\/2023\/05\/APP_Cruilla_ES.jpg",1000,340,false],"thumbnail":["https:\/\/www.ametllerorigenwp.com\/wp-content\/uploads\/2023\/05\/APP_Cruilla_ES-150x150.jpg",150,150,true],"medium":["https:\/\/www.ametllerorigenwp.com\/wp-content\/uploads\/2023\/05\/APP_Cruilla_ES-300x102.jpg",300,102,true],"medium_large":["https:\/\/www.ametllerorigenwp.com\/wp-content\/uploads\/2023\/05\/APP_Cruilla_ES-768x261.jpg",768,261,true],"large":["https:\/\/www.ametllerorigenwp.com\/wp-content\/uploads\/2023\/05\/APP_Cruilla_ES.jpg",840,286,false],"1536x1536":["https:\/\/www.ametllerorigenwp.com\/wp-content\/uploads\/2023\/05\/APP_Cruilla_ES.jpg",1000,340,false],"2048x2048":["https:\/\/www.ametllerorigenwp.com\/wp-content\/uploads\/2023\/05\/APP_Cruilla_ES.jpg",1000,340,false],"post-thumbnail":["https:\/\/www.ametllerorigenwp.com\/wp-content\/uploads\/2023\/05\/APP_Cruilla_ES.jpg",1000,340,false]},"uagb_author_info":{"display_name":"Mireia Zaragoza","author_link":"https:\/\/www.ametllerorigenwp.com\/es\/author\/mzaragoza\/"},"uagb_comment_info":0,"uagb_excerpt":"\u00bfTe has preguntado qu\u00e9 sabor tiene el Cru\u00eflla? Este a\u00f1o, la dulzura del mel\u00f3n, la frescura de la menta y la energ\u00eda del festival se unen en la nueva Kombucha del Cru\u00eflla: una edici\u00f3n especial limitada que hemos creado junto con el Festival Cru\u00eflla para los amantes de la m\u00fasica y el buen gusto. Entre&hellip;","coauthors":[],"tax_additional":{"categories":{"linked":["<a href=\"https:\/\/www.ametllerorigenwp.com\/es\/category\/noticias\/\" class=\"advgb-post-tax-term\">Noticias<\/a>"],"unlinked":["<span class=\"advgb-post-tax-term\">Noticias<\/span>"]}},"comment_count":"0","relative_dates":{"created":"Publicado 3 a\u00f1os hace","modified":"Actualizado 3 a\u00f1os hace"},"absolute_dates":{"created":"Publicado el 1 de junio de 2023","modified":"Actualizado el 31 de mayo de 2023"},"absolute_dates_time":{"created":"Publicado el 1 de junio de 2023 01:00","modified":"Actualizado el 31 de mayo de 2023 15:50"},"featured_img_caption":"","series_order":"","show_in_app":true,"fecha_inicio_destacado":null,"hora_inicio_visualizacion":null,"minutos_inicio_visualizacion":null,"fecha_final_destacado":null,"hora_final_visualizacion":null,"minutos_final_visualizacion":null,"posicion_visualizacion":null,"estado_destacado":null,"niveles_destacados":null,"url_del_enlace":null,"banner_destacado":null,"posicion_visualizacion_de_la_noticia":"01","estado_noticia":["Visible"],"fecha_de_inicio_de_visualizacion_del_tutorial":null,"hora_inicio_visualizacion_tutorial":null,"minutos_inicio_visualizacion_tutorial":null,"fecha_de_final_de_visualizacion_del_tutorial":null,"hora_final_visualizacion_tutorial":null,"minutos_final_visualizacion_tutorial":null,"numero_de_veces_visto":null,"numero_de_veces_total":null,"niveles_tutorial":null,"tutorial_recursos_castellano":null,"tutorial_recursos_catalan":null,"dias_disponibles":null,"dias_de_la_semana":null,"dias_del_mes":null,"other_lang_post_id":null,"lang":"es","campanya_descripcion":null,"campanya_fecha_inicio":null,"campanya_fecha_fin":null,"campanya_legales":null,"campanya_imagen":null,"campanya_characteristics":null,"campanya_url":null,"campanya_posicion_visualizacion":null,"campanya_estado":null,"_links":{"self":[{"href":"https:\/\/www.ametllerorigenwp.com\/es\/wp-json\/wp\/v2\/posts\/8818","targetHints":{"allow":["GET"]}}],"collection":[{"href":"https:\/\/www.ametllerorigenwp.com\/es\/wp-json\/wp\/v2\/posts"}],"about":[{"href":"https:\/\/www.ametllerorigenwp.com\/es\/wp-json\/wp\/v2\/types\/post"}],"author":[{"embeddable":true,"href":"https:\/\/www.ametllerorigenwp.com\/es\/wp-json\/wp\/v2\/users\/5"}],"replies":[{"embeddable":true,"href":"https:\/\/www.ametllerorigenwp.com\/es\/wp-json\/wp\/v2\/comments?post=8818"}],"version-history":[{"count":1,"href":"https:\/\/www.ametllerorigenwp.com\/es\/wp-json\/wp\/v2\/posts\/8818\/revisions"}],"predecessor-version":[{"id":8821,"href":"https:\/\/www.ametllerorigenwp.com\/es\/wp-json\/wp\/v2\/posts\/8818\/revisions\/8821"}],"wp:featuredmedia":[{"embeddable":true,"href":"https:\/\/www.ametllerorigenwp.com\/es\/wp-json\/wp\/v2\/media\/8819"}],"wp:attachment":[{"href":"https:\/\/www.ametllerorigenwp.com\/es\/wp-json\/wp\/v2\/media?parent=8818"}],"wp:term":[{"taxonomy":"category","embeddable":true,"href":"https:\/\/www.ametllerorigenwp.com\/es\/wp-json\/wp\/v2\/categories?post=8818"},{"taxonomy":"post_tag","embeddable":true,"href":"https:\/\/www.ametllerorigenwp.com\/es\/wp-json\/wp\/v2\/tags?post=8818"}],"curies":[{"name":"wp","href":"https:\/\/api.w.org\/{rel}","templated":true}]}}