{"id":9047,"date":"2023-06-22T01:00:01","date_gmt":"2023-06-22T01:00:01","guid":{"rendered":"https:\/\/www.ametllerorigenwp.com\/?p=9047"},"modified":"2023-06-21T10:15:42","modified_gmt":"2023-06-21T10:15:42","slug":"recaudamos-mas-de-108-000e-para-luchar-contra-la-ela","status":"publish","type":"post","link":"https:\/\/www.ametllerorigenwp.com\/es\/recaudamos-mas-de-108-000e-para-luchar-contra-la-ela\/","title":{"rendered":"Recaudamos m\u00e1s de 108.000\u20ac para luchar contra la ELA"},"content":{"rendered":"<p>Coincidiendo que esta semana se celebra el D\u00eda Mundial de la ELA, y como cierre del proyecto \u2018Cocina Solidaria\u2019 <strong>desde Ametller Origen unimos fuerzas junto con el restaurante Antic Mol\u00ed para llevar a cabo una cena solidaria para recaudar fondos para la Fundaci\u00f3n Catalana de la ELA Miquel Valls <\/strong>que tiene el objetivo de mejorar la calidad de vida de pacientes y familiares.<\/p>\n<p>La gala, que cont\u00f3 con un total de 330 personas, entre las cuales hubo la participaci\u00f3n del chef Vicent Guimer\u00e0, el exportero y exentrenador Juan Carlos Unzu\u00e9, el periodista Gerard Romero, la chef Ada Parellada y el jugador del FC Girona Oriol Romeu<strong>, recaud\u00f3 m\u00e1s de 11.000\u20ac que se destinaran \u00edntegramente a la Fundaci\u00f3n<\/strong>.<\/p>\n<p>A esta cifra, <strong>se deben sumar el total de 97.500\u20ac que se han recaudado con el proyecto \u2018Cocina Solidaria\u2019<\/strong>, una iniciativa que se puso en marcha hace un a\u00f1o con la colaboraci\u00f3n de seis reconocidos chefs y seis deportistas: Albert Adri\u00e0, Ada Parellada, Joan Roca, Carme Ruscalleda, Nandu Jubany y Vicent Guimer\u00e0 haciendo pareja con Aitana Bonmat\u00ed, Ona Carbonell, Alex Corretja, Al\u00e8xia Putellas, Juan Carlos Unzu\u00e9 y Aleix Espargar\u00f3.<\/p>\n<p>\u00a1Muchas gracias por aportar vuestro granito de arena!<\/p>\n","protected":false},"excerpt":{"rendered":"<p>Coincidiendo que esta semana se celebra el D\u00eda Mundial de la ELA, y como cierre del proyecto \u2018Cocina Solidaria\u2019 desde Ametller Origen unimos fuerzas junto con el restaurante Antic Mol\u00ed para llevar a cabo una cena solidaria para recaudar fondos para la Fundaci\u00f3n Catalana de la ELA Miquel Valls que tiene el objetivo de mejorar &hellip; <a href=\"https:\/\/www.ametllerorigenwp.com\/es\/recaudamos-mas-de-108-000e-para-luchar-contra-la-ela\/\" class=\"more-link\">Continuar leyendo<span class=\"screen-reader-text\"> \u00abRecaudamos m\u00e1s de 108.000\u20ac para luchar contra la ELA\u00bb<\/span><\/a><\/p>\n","protected":false},"author":5,"featured_media":9048,"comment_status":"closed","ping_status":"closed","sticky":false,"template":"","format":"standard","meta":{"_uag_custom_page_level_css":"","advgb_blocks_editor_width":"","advgb_blocks_columns_visual_guide":"","footnotes":""},"categories":[1],"tags":[],"class_list":["post-9047","post","type-post","status-publish","format-standard","has-post-thumbnail","hentry","category-noticias"],"author_meta":{"display_name":"Mireia Zaragoza","author_link":"https:\/\/www.ametllerorigenwp.com\/es\/author\/mzaragoza\/"},"featured_img":"https:\/\/www.ametllerorigenwp.com\/wp-content\/uploads\/2023\/06\/Proyecto-nuevo-21-300x102.png","uagb_featured_image_src":{"full":["https:\/\/www.ametllerorigenwp.com\/wp-content\/uploads\/2023\/06\/Proyecto-nuevo-21.png",1000,340,false],"thumbnail":["https:\/\/www.ametllerorigenwp.com\/wp-content\/uploads\/2023\/06\/Proyecto-nuevo-21-150x150.png",150,150,true],"medium":["https:\/\/www.ametllerorigenwp.com\/wp-content\/uploads\/2023\/06\/Proyecto-nuevo-21-300x102.png",300,102,true],"medium_large":["https:\/\/www.ametllerorigenwp.com\/wp-content\/uploads\/2023\/06\/Proyecto-nuevo-21-768x261.png",768,261,true],"large":["https:\/\/www.ametllerorigenwp.com\/wp-content\/uploads\/2023\/06\/Proyecto-nuevo-21.png",840,286,false],"1536x1536":["https:\/\/www.ametllerorigenwp.com\/wp-content\/uploads\/2023\/06\/Proyecto-nuevo-21.png",1000,340,false],"2048x2048":["https:\/\/www.ametllerorigenwp.com\/wp-content\/uploads\/2023\/06\/Proyecto-nuevo-21.png",1000,340,false],"post-thumbnail":["https:\/\/www.ametllerorigenwp.com\/wp-content\/uploads\/2023\/06\/Proyecto-nuevo-21.png",1000,340,false]},"uagb_author_info":{"display_name":"Mireia Zaragoza","author_link":"https:\/\/www.ametllerorigenwp.com\/es\/author\/mzaragoza\/"},"uagb_comment_info":0,"uagb_excerpt":"Coincidiendo que esta semana se celebra el D\u00eda Mundial de la ELA, y como cierre del proyecto \u2018Cocina Solidaria\u2019 desde Ametller Origen unimos fuerzas junto con el restaurante Antic Mol\u00ed para llevar a cabo una cena solidaria para recaudar fondos para la Fundaci\u00f3n Catalana de la ELA Miquel Valls que tiene el objetivo de mejorar&hellip;","coauthors":[],"tax_additional":{"categories":{"linked":["<a href=\"https:\/\/www.ametllerorigenwp.com\/es\/category\/noticias\/\" class=\"advgb-post-tax-term\">Noticias<\/a>"],"unlinked":["<span class=\"advgb-post-tax-term\">Noticias<\/span>"]}},"comment_count":"0","relative_dates":{"created":"Publicado 3 a\u00f1os hace","modified":"Actualizado 3 a\u00f1os hace"},"absolute_dates":{"created":"Publicado el 22 de junio de 2023","modified":"Actualizado el 21 de junio de 2023"},"absolute_dates_time":{"created":"Publicado el 22 de junio de 2023 01:00","modified":"Actualizado el 21 de junio de 2023 10:15"},"featured_img_caption":"","series_order":"","show_in_app":true,"fecha_inicio_destacado":null,"hora_inicio_visualizacion":null,"minutos_inicio_visualizacion":null,"fecha_final_destacado":null,"hora_final_visualizacion":null,"minutos_final_visualizacion":null,"posicion_visualizacion":null,"estado_destacado":null,"niveles_destacados":null,"url_del_enlace":null,"banner_destacado":null,"posicion_visualizacion_de_la_noticia":"01","estado_noticia":["Visible"],"fecha_de_inicio_de_visualizacion_del_tutorial":null,"hora_inicio_visualizacion_tutorial":null,"minutos_inicio_visualizacion_tutorial":null,"fecha_de_final_de_visualizacion_del_tutorial":null,"hora_final_visualizacion_tutorial":null,"minutos_final_visualizacion_tutorial":null,"numero_de_veces_visto":null,"numero_de_veces_total":null,"niveles_tutorial":null,"tutorial_recursos_castellano":null,"tutorial_recursos_catalan":null,"dias_disponibles":null,"dias_de_la_semana":null,"dias_del_mes":null,"other_lang_post_id":null,"lang":"es","campanya_descripcion":null,"campanya_fecha_inicio":null,"campanya_fecha_fin":null,"campanya_legales":null,"campanya_imagen":null,"campanya_characteristics":null,"campanya_url":null,"campanya_posicion_visualizacion":null,"campanya_estado":null,"_links":{"self":[{"href":"https:\/\/www.ametllerorigenwp.com\/es\/wp-json\/wp\/v2\/posts\/9047","targetHints":{"allow":["GET"]}}],"collection":[{"href":"https:\/\/www.ametllerorigenwp.com\/es\/wp-json\/wp\/v2\/posts"}],"about":[{"href":"https:\/\/www.ametllerorigenwp.com\/es\/wp-json\/wp\/v2\/types\/post"}],"author":[{"embeddable":true,"href":"https:\/\/www.ametllerorigenwp.com\/es\/wp-json\/wp\/v2\/users\/5"}],"replies":[{"embeddable":true,"href":"https:\/\/www.ametllerorigenwp.com\/es\/wp-json\/wp\/v2\/comments?post=9047"}],"version-history":[{"count":1,"href":"https:\/\/www.ametllerorigenwp.com\/es\/wp-json\/wp\/v2\/posts\/9047\/revisions"}],"predecessor-version":[{"id":9050,"href":"https:\/\/www.ametllerorigenwp.com\/es\/wp-json\/wp\/v2\/posts\/9047\/revisions\/9050"}],"wp:featuredmedia":[{"embeddable":true,"href":"https:\/\/www.ametllerorigenwp.com\/es\/wp-json\/wp\/v2\/media\/9048"}],"wp:attachment":[{"href":"https:\/\/www.ametllerorigenwp.com\/es\/wp-json\/wp\/v2\/media?parent=9047"}],"wp:term":[{"taxonomy":"category","embeddable":true,"href":"https:\/\/www.ametllerorigenwp.com\/es\/wp-json\/wp\/v2\/categories?post=9047"},{"taxonomy":"post_tag","embeddable":true,"href":"https:\/\/www.ametllerorigenwp.com\/es\/wp-json\/wp\/v2\/tags?post=9047"}],"curies":[{"name":"wp","href":"https:\/\/api.w.org\/{rel}","templated":true}]}}