{"id":9125,"date":"2023-06-29T01:00:48","date_gmt":"2023-06-29T01:00:48","guid":{"rendered":"https:\/\/www.ametllerorigenwp.com\/?p=9125"},"modified":"2023-06-28T09:26:05","modified_gmt":"2023-06-28T09:26:05","slug":"nuestras-acelgas-las-mas-frescas-y-sabrosas-del-mercado","status":"publish","type":"post","link":"https:\/\/www.ametllerorigenwp.com\/es\/nuestras-acelgas-las-mas-frescas-y-sabrosas-del-mercado\/","title":{"rendered":"Nuestras acelgas, las m\u00e1s frescas y sabrosas del mercado"},"content":{"rendered":"<p><strong>Es una de nuestras verduras estrella y con la cual \u2018queremos cambiar el mundo\u2019<\/strong>. Actualmente, <strong>el 100% de las acelgas son de cosecha propia y se encuentran sembradas en un total de 8 hect\u00e1reas en nuestros campos del Vall\u00e8s<\/strong>, concretamente en las poblaciones de Vilanova del Vall\u00e8s y de La Roca del Vall\u00e8s.<\/p>\n<p>Descubre cu\u00e1les son nuestros secretos para mantener las acelgas frescas en este art\u00edculo del <a href=\"https:\/\/www.ametllerorigen.com\/es\/blog\/las-acelgas-mas-frescas-y-sabrosas-del-mercado\">blog<\/a>.<\/p>\n","protected":false},"excerpt":{"rendered":"<p>Es una de nuestras verduras estrella y con la cual \u2018queremos cambiar el mundo\u2019. Actualmente, el 100% de las acelgas son de cosecha propia y se encuentran sembradas en un total de 8 hect\u00e1reas en nuestros campos del Vall\u00e8s, concretamente en las poblaciones de Vilanova del Vall\u00e8s y de La Roca del Vall\u00e8s. Descubre cu\u00e1les &hellip; <a href=\"https:\/\/www.ametllerorigenwp.com\/es\/nuestras-acelgas-las-mas-frescas-y-sabrosas-del-mercado\/\" class=\"more-link\">Continuar leyendo<span class=\"screen-reader-text\"> \u00abNuestras acelgas, las m\u00e1s frescas y sabrosas del mercado\u00bb<\/span><\/a><\/p>\n","protected":false},"author":5,"featured_media":9123,"comment_status":"closed","ping_status":"closed","sticky":false,"template":"","format":"standard","meta":{"_uag_custom_page_level_css":"","advgb_blocks_editor_width":"","advgb_blocks_columns_visual_guide":"","footnotes":""},"categories":[1],"tags":[],"class_list":["post-9125","post","type-post","status-publish","format-standard","has-post-thumbnail","hentry","category-noticias"],"author_meta":{"display_name":"Mireia Zaragoza","author_link":"https:\/\/www.ametllerorigenwp.com\/es\/author\/mzaragoza\/"},"featured_img":"https:\/\/www.ametllerorigenwp.com\/wp-content\/uploads\/2023\/06\/Proyecto-nuevo-24-300x102.png","uagb_featured_image_src":{"full":["https:\/\/www.ametllerorigenwp.com\/wp-content\/uploads\/2023\/06\/Proyecto-nuevo-24.png",1000,340,false],"thumbnail":["https:\/\/www.ametllerorigenwp.com\/wp-content\/uploads\/2023\/06\/Proyecto-nuevo-24-150x150.png",150,150,true],"medium":["https:\/\/www.ametllerorigenwp.com\/wp-content\/uploads\/2023\/06\/Proyecto-nuevo-24-300x102.png",300,102,true],"medium_large":["https:\/\/www.ametllerorigenwp.com\/wp-content\/uploads\/2023\/06\/Proyecto-nuevo-24-768x261.png",768,261,true],"large":["https:\/\/www.ametllerorigenwp.com\/wp-content\/uploads\/2023\/06\/Proyecto-nuevo-24.png",840,286,false],"1536x1536":["https:\/\/www.ametllerorigenwp.com\/wp-content\/uploads\/2023\/06\/Proyecto-nuevo-24.png",1000,340,false],"2048x2048":["https:\/\/www.ametllerorigenwp.com\/wp-content\/uploads\/2023\/06\/Proyecto-nuevo-24.png",1000,340,false],"post-thumbnail":["https:\/\/www.ametllerorigenwp.com\/wp-content\/uploads\/2023\/06\/Proyecto-nuevo-24.png",1000,340,false]},"uagb_author_info":{"display_name":"Mireia Zaragoza","author_link":"https:\/\/www.ametllerorigenwp.com\/es\/author\/mzaragoza\/"},"uagb_comment_info":0,"uagb_excerpt":"Es una de nuestras verduras estrella y con la cual \u2018queremos cambiar el mundo\u2019. Actualmente, el 100% de las acelgas son de cosecha propia y se encuentran sembradas en un total de 8 hect\u00e1reas en nuestros campos del Vall\u00e8s, concretamente en las poblaciones de Vilanova del Vall\u00e8s y de La Roca del Vall\u00e8s. Descubre cu\u00e1les&hellip;","coauthors":[],"tax_additional":{"categories":{"linked":["<a href=\"https:\/\/www.ametllerorigenwp.com\/es\/category\/noticias\/\" class=\"advgb-post-tax-term\">Noticias<\/a>"],"unlinked":["<span class=\"advgb-post-tax-term\">Noticias<\/span>"]}},"comment_count":"0","relative_dates":{"created":"Publicado 3 a\u00f1os hace","modified":"Actualizado 3 a\u00f1os hace"},"absolute_dates":{"created":"Publicado el 29 de junio de 2023","modified":"Actualizado el 28 de junio de 2023"},"absolute_dates_time":{"created":"Publicado el 29 de junio de 2023 01:00","modified":"Actualizado el 28 de junio de 2023 09:26"},"featured_img_caption":"","series_order":"","show_in_app":true,"fecha_inicio_destacado":null,"hora_inicio_visualizacion":null,"minutos_inicio_visualizacion":null,"fecha_final_destacado":null,"hora_final_visualizacion":null,"minutos_final_visualizacion":null,"posicion_visualizacion":null,"estado_destacado":null,"niveles_destacados":null,"url_del_enlace":null,"banner_destacado":null,"posicion_visualizacion_de_la_noticia":"01","estado_noticia":["Visible"],"fecha_de_inicio_de_visualizacion_del_tutorial":null,"hora_inicio_visualizacion_tutorial":null,"minutos_inicio_visualizacion_tutorial":null,"fecha_de_final_de_visualizacion_del_tutorial":null,"hora_final_visualizacion_tutorial":null,"minutos_final_visualizacion_tutorial":null,"numero_de_veces_visto":null,"numero_de_veces_total":null,"niveles_tutorial":null,"tutorial_recursos_castellano":null,"tutorial_recursos_catalan":null,"dias_disponibles":null,"dias_de_la_semana":null,"dias_del_mes":null,"other_lang_post_id":null,"lang":"es","campanya_descripcion":null,"campanya_fecha_inicio":null,"campanya_fecha_fin":null,"campanya_legales":null,"campanya_imagen":null,"campanya_characteristics":null,"campanya_url":null,"campanya_posicion_visualizacion":null,"campanya_estado":null,"_links":{"self":[{"href":"https:\/\/www.ametllerorigenwp.com\/es\/wp-json\/wp\/v2\/posts\/9125","targetHints":{"allow":["GET"]}}],"collection":[{"href":"https:\/\/www.ametllerorigenwp.com\/es\/wp-json\/wp\/v2\/posts"}],"about":[{"href":"https:\/\/www.ametllerorigenwp.com\/es\/wp-json\/wp\/v2\/types\/post"}],"author":[{"embeddable":true,"href":"https:\/\/www.ametllerorigenwp.com\/es\/wp-json\/wp\/v2\/users\/5"}],"replies":[{"embeddable":true,"href":"https:\/\/www.ametllerorigenwp.com\/es\/wp-json\/wp\/v2\/comments?post=9125"}],"version-history":[{"count":1,"href":"https:\/\/www.ametllerorigenwp.com\/es\/wp-json\/wp\/v2\/posts\/9125\/revisions"}],"predecessor-version":[{"id":9126,"href":"https:\/\/www.ametllerorigenwp.com\/es\/wp-json\/wp\/v2\/posts\/9125\/revisions\/9126"}],"wp:featuredmedia":[{"embeddable":true,"href":"https:\/\/www.ametllerorigenwp.com\/es\/wp-json\/wp\/v2\/media\/9123"}],"wp:attachment":[{"href":"https:\/\/www.ametllerorigenwp.com\/es\/wp-json\/wp\/v2\/media?parent=9125"}],"wp:term":[{"taxonomy":"category","embeddable":true,"href":"https:\/\/www.ametllerorigenwp.com\/es\/wp-json\/wp\/v2\/categories?post=9125"},{"taxonomy":"post_tag","embeddable":true,"href":"https:\/\/www.ametllerorigenwp.com\/es\/wp-json\/wp\/v2\/tags?post=9125"}],"curies":[{"name":"wp","href":"https:\/\/api.w.org\/{rel}","templated":true}]}}