{"id":9185,"date":"2023-07-07T01:00:54","date_gmt":"2023-07-07T01:00:54","guid":{"rendered":"https:\/\/www.ametllerorigenwp.com\/?p=9185"},"modified":"2023-07-06T14:37:51","modified_gmt":"2023-07-06T14:37:51","slug":"este-verano-disfruta-de-la-nueva-revista-fem-cami","status":"publish","type":"post","link":"https:\/\/www.ametllerorigenwp.com\/es\/este-verano-disfruta-de-la-nueva-revista-fem-cami\/","title":{"rendered":"Este verano, \u00a1disfruta de la nueva revista Fem Cam\u00ed!"},"content":{"rendered":"<p>Empiezan las vacaciones y queremos proponerte una nueva lectura de verano: \u00a1el sexto n\u00famero de la revista Fem Cam\u00ed que encontrar\u00e1s en todas nuestras tiendas y <a href=\"https:\/\/www.femcami.org\/es\/revista-fem-cami\/fem-cami-junio-2023\/\">online<\/a>!<\/p>\n<p>En esta edici\u00f3n <strong>encontrar\u00e1s el Quiz de la alimentaci\u00f3n saludable para evaluar si comes bien y de forma saludable<\/strong>. Tambi\u00e9n podr\u00e1s leer la <strong>entrevista al chef, Rodrigo de la Calle<\/strong>, un <strong>reportaje sobre el papel de las abejas en la polinizaci\u00f3n de la fruta dulce<\/strong> o un <strong>art\u00edculo sobre alimentaci\u00f3n infantil<\/strong>.<\/p>\n<p>Asimismo, encontrar\u00e1s las <strong>recetas m\u00e1s deliciosas de temporada de los chefs Carme Ruscalleda y Ada Parellada<\/strong>, el <strong>men\u00fa de los 30 alimentos de origen vegetal<\/strong> y los <strong>art\u00edculos de Tom\u00e0s Molina, Antonio Cerrillo, Carlos Casabona y Pep Nogu\u00e9<\/strong>.<\/p>\n<p>\u00a1Feliz lectura!<\/p>\n","protected":false},"excerpt":{"rendered":"<p>Empiezan las vacaciones y queremos proponerte una nueva lectura de verano: \u00a1el sexto n\u00famero de la revista Fem Cam\u00ed que encontrar\u00e1s en todas nuestras tiendas y online! En esta edici\u00f3n encontrar\u00e1s el Quiz de la alimentaci\u00f3n saludable para evaluar si comes bien y de forma saludable. Tambi\u00e9n podr\u00e1s leer la entrevista al chef, Rodrigo de &hellip; <a href=\"https:\/\/www.ametllerorigenwp.com\/es\/este-verano-disfruta-de-la-nueva-revista-fem-cami\/\" class=\"more-link\">Continuar leyendo<span class=\"screen-reader-text\"> \u00abEste verano, \u00a1disfruta de la nueva revista Fem Cam\u00ed!\u00bb<\/span><\/a><\/p>\n","protected":false},"author":5,"featured_media":9183,"comment_status":"closed","ping_status":"closed","sticky":false,"template":"","format":"standard","meta":{"_uag_custom_page_level_css":"","advgb_blocks_editor_width":"","advgb_blocks_columns_visual_guide":"","footnotes":""},"categories":[1],"tags":[],"class_list":["post-9185","post","type-post","status-publish","format-standard","has-post-thumbnail","hentry","category-noticias"],"author_meta":{"display_name":"Mireia Zaragoza","author_link":"https:\/\/www.ametllerorigenwp.com\/es\/author\/mzaragoza\/"},"featured_img":"https:\/\/www.ametllerorigenwp.com\/wp-content\/uploads\/2023\/07\/revista6_app-1-300x102.jpg","uagb_featured_image_src":{"full":["https:\/\/www.ametllerorigenwp.com\/wp-content\/uploads\/2023\/07\/revista6_app-1.jpg",1000,340,false],"thumbnail":["https:\/\/www.ametllerorigenwp.com\/wp-content\/uploads\/2023\/07\/revista6_app-1-150x150.jpg",150,150,true],"medium":["https:\/\/www.ametllerorigenwp.com\/wp-content\/uploads\/2023\/07\/revista6_app-1-300x102.jpg",300,102,true],"medium_large":["https:\/\/www.ametllerorigenwp.com\/wp-content\/uploads\/2023\/07\/revista6_app-1-768x261.jpg",768,261,true],"large":["https:\/\/www.ametllerorigenwp.com\/wp-content\/uploads\/2023\/07\/revista6_app-1.jpg",840,286,false],"1536x1536":["https:\/\/www.ametllerorigenwp.com\/wp-content\/uploads\/2023\/07\/revista6_app-1.jpg",1000,340,false],"2048x2048":["https:\/\/www.ametllerorigenwp.com\/wp-content\/uploads\/2023\/07\/revista6_app-1.jpg",1000,340,false],"post-thumbnail":["https:\/\/www.ametllerorigenwp.com\/wp-content\/uploads\/2023\/07\/revista6_app-1.jpg",1000,340,false]},"uagb_author_info":{"display_name":"Mireia Zaragoza","author_link":"https:\/\/www.ametllerorigenwp.com\/es\/author\/mzaragoza\/"},"uagb_comment_info":0,"uagb_excerpt":"Empiezan las vacaciones y queremos proponerte una nueva lectura de verano: \u00a1el sexto n\u00famero de la revista Fem Cam\u00ed que encontrar\u00e1s en todas nuestras tiendas y online! En esta edici\u00f3n encontrar\u00e1s el Quiz de la alimentaci\u00f3n saludable para evaluar si comes bien y de forma saludable. Tambi\u00e9n podr\u00e1s leer la entrevista al chef, Rodrigo de&hellip;","coauthors":[],"tax_additional":{"categories":{"linked":["<a href=\"https:\/\/www.ametllerorigenwp.com\/es\/category\/noticias\/\" class=\"advgb-post-tax-term\">Noticias<\/a>"],"unlinked":["<span class=\"advgb-post-tax-term\">Noticias<\/span>"]}},"comment_count":"0","relative_dates":{"created":"Publicado 3 a\u00f1os hace","modified":"Actualizado 3 a\u00f1os hace"},"absolute_dates":{"created":"Publicado el 7 de julio de 2023","modified":"Actualizado el 6 de julio de 2023"},"absolute_dates_time":{"created":"Publicado el 7 de julio de 2023 01:00","modified":"Actualizado el 6 de julio de 2023 14:37"},"featured_img_caption":"","series_order":"","show_in_app":true,"fecha_inicio_destacado":null,"hora_inicio_visualizacion":null,"minutos_inicio_visualizacion":null,"fecha_final_destacado":null,"hora_final_visualizacion":null,"minutos_final_visualizacion":null,"posicion_visualizacion":null,"estado_destacado":null,"niveles_destacados":null,"url_del_enlace":null,"banner_destacado":null,"posicion_visualizacion_de_la_noticia":"01","estado_noticia":["Visible"],"fecha_de_inicio_de_visualizacion_del_tutorial":null,"hora_inicio_visualizacion_tutorial":null,"minutos_inicio_visualizacion_tutorial":null,"fecha_de_final_de_visualizacion_del_tutorial":null,"hora_final_visualizacion_tutorial":null,"minutos_final_visualizacion_tutorial":null,"numero_de_veces_visto":null,"numero_de_veces_total":null,"niveles_tutorial":null,"tutorial_recursos_castellano":null,"tutorial_recursos_catalan":null,"dias_disponibles":null,"dias_de_la_semana":null,"dias_del_mes":null,"other_lang_post_id":null,"lang":"es","campanya_descripcion":null,"campanya_fecha_inicio":null,"campanya_fecha_fin":null,"campanya_legales":null,"campanya_imagen":null,"campanya_characteristics":null,"campanya_url":null,"campanya_posicion_visualizacion":null,"campanya_estado":null,"_links":{"self":[{"href":"https:\/\/www.ametllerorigenwp.com\/es\/wp-json\/wp\/v2\/posts\/9185","targetHints":{"allow":["GET"]}}],"collection":[{"href":"https:\/\/www.ametllerorigenwp.com\/es\/wp-json\/wp\/v2\/posts"}],"about":[{"href":"https:\/\/www.ametllerorigenwp.com\/es\/wp-json\/wp\/v2\/types\/post"}],"author":[{"embeddable":true,"href":"https:\/\/www.ametllerorigenwp.com\/es\/wp-json\/wp\/v2\/users\/5"}],"replies":[{"embeddable":true,"href":"https:\/\/www.ametllerorigenwp.com\/es\/wp-json\/wp\/v2\/comments?post=9185"}],"version-history":[{"count":1,"href":"https:\/\/www.ametllerorigenwp.com\/es\/wp-json\/wp\/v2\/posts\/9185\/revisions"}],"predecessor-version":[{"id":9186,"href":"https:\/\/www.ametllerorigenwp.com\/es\/wp-json\/wp\/v2\/posts\/9185\/revisions\/9186"}],"wp:featuredmedia":[{"embeddable":true,"href":"https:\/\/www.ametllerorigenwp.com\/es\/wp-json\/wp\/v2\/media\/9183"}],"wp:attachment":[{"href":"https:\/\/www.ametllerorigenwp.com\/es\/wp-json\/wp\/v2\/media?parent=9185"}],"wp:term":[{"taxonomy":"category","embeddable":true,"href":"https:\/\/www.ametllerorigenwp.com\/es\/wp-json\/wp\/v2\/categories?post=9185"},{"taxonomy":"post_tag","embeddable":true,"href":"https:\/\/www.ametllerorigenwp.com\/es\/wp-json\/wp\/v2\/tags?post=9185"}],"curies":[{"name":"wp","href":"https:\/\/api.w.org\/{rel}","templated":true}]}}