{"id":9410,"date":"2023-08-04T01:00:26","date_gmt":"2023-08-04T01:00:26","guid":{"rendered":"https:\/\/www.ametllerorigenwp.com\/?p=9410"},"modified":"2023-08-03T07:00:49","modified_gmt":"2023-08-03T07:00:49","slug":"sandia-a-la-plancha-la-receta-para-celebrar-el-dia-internacional-de-la-sandia","status":"publish","type":"post","link":"https:\/\/www.ametllerorigenwp.com\/es\/sandia-a-la-plancha-la-receta-para-celebrar-el-dia-internacional-de-la-sandia\/","title":{"rendered":"Sand\u00eda a la plancha, \u00a1la receta para celebrar el D\u00eda Internacional de la Sand\u00eda!"},"content":{"rendered":"<p><strong>Coincidiendo que esta semana se celebra el D\u00eda Internacional de la Sand\u00eda, \u00a1te proponemos preparar sand\u00eda a la plancha con cerezas y mozzarella para disfrutar de esta delicia refrescante de temporada!<\/strong><\/p>\n<p><u>Ingredientes para 3 personas<\/u>:<\/p>\n<ul>\n<li>\u00bd sand\u00eda<\/li>\n<li>200 g de cerezas<\/li>\n<li>Mozzarella mini<\/li>\n<li>Hojas de albahaca<\/li>\n<li>1 lima<\/li>\n<li>Aceite de oliva virgen extra<\/li>\n<li>Sal en escamas<\/li>\n<\/ul>\n<p>Elaboraci\u00f3n:<\/p>\n<ol>\n<li>Corta la sand\u00eda a rodajas y dale una forma triangular al corte.<\/li>\n<li>Marca los cortes en la plancha caliente para que no pierda mucha agua y se doren.<\/li>\n<li>Pon las raciones en un plato o bandeja y a\u00f1ade las cerezas limpias y deshuesadas, las perlas de mozzarella y ali\u00f1a con la vinagreta hecha con un poco de zumo de lim\u00f3n, aceite, sal y hojas picadas de albahaca.<\/li>\n<\/ol>\n","protected":false},"excerpt":{"rendered":"<p>Coincidiendo que esta semana se celebra el D\u00eda Internacional de la Sand\u00eda, \u00a1te proponemos preparar sand\u00eda a la plancha con cerezas y mozzarella para disfrutar de esta delicia refrescante de temporada! Ingredientes para 3 personas: \u00bd sand\u00eda 200 g de cerezas Mozzarella mini Hojas de albahaca 1 lima Aceite de oliva virgen extra Sal en &hellip; <a href=\"https:\/\/www.ametllerorigenwp.com\/es\/sandia-a-la-plancha-la-receta-para-celebrar-el-dia-internacional-de-la-sandia\/\" class=\"more-link\">Continuar leyendo<span class=\"screen-reader-text\"> \u00abSand\u00eda a la plancha, \u00a1la receta para celebrar el D\u00eda Internacional de la Sand\u00eda!\u00bb<\/span><\/a><\/p>\n","protected":false},"author":5,"featured_media":9411,"comment_status":"closed","ping_status":"closed","sticky":false,"template":"","format":"standard","meta":{"_uag_custom_page_level_css":"","advgb_blocks_editor_width":"","advgb_blocks_columns_visual_guide":"","footnotes":""},"categories":[1],"tags":[],"class_list":["post-9410","post","type-post","status-publish","format-standard","has-post-thumbnail","hentry","category-noticias"],"author_meta":{"display_name":"Mireia Zaragoza","author_link":"https:\/\/www.ametllerorigenwp.com\/es\/author\/mzaragoza\/"},"featured_img":"https:\/\/www.ametllerorigenwp.com\/wp-content\/uploads\/2023\/07\/Proyecto-nuevo-36-300x102.png","uagb_featured_image_src":{"full":["https:\/\/www.ametllerorigenwp.com\/wp-content\/uploads\/2023\/07\/Proyecto-nuevo-36.png",1000,340,false],"thumbnail":["https:\/\/www.ametllerorigenwp.com\/wp-content\/uploads\/2023\/07\/Proyecto-nuevo-36-150x150.png",150,150,true],"medium":["https:\/\/www.ametllerorigenwp.com\/wp-content\/uploads\/2023\/07\/Proyecto-nuevo-36-300x102.png",300,102,true],"medium_large":["https:\/\/www.ametllerorigenwp.com\/wp-content\/uploads\/2023\/07\/Proyecto-nuevo-36-768x261.png",768,261,true],"large":["https:\/\/www.ametllerorigenwp.com\/wp-content\/uploads\/2023\/07\/Proyecto-nuevo-36.png",840,286,false],"1536x1536":["https:\/\/www.ametllerorigenwp.com\/wp-content\/uploads\/2023\/07\/Proyecto-nuevo-36.png",1000,340,false],"2048x2048":["https:\/\/www.ametllerorigenwp.com\/wp-content\/uploads\/2023\/07\/Proyecto-nuevo-36.png",1000,340,false],"post-thumbnail":["https:\/\/www.ametllerorigenwp.com\/wp-content\/uploads\/2023\/07\/Proyecto-nuevo-36.png",1000,340,false]},"uagb_author_info":{"display_name":"Mireia Zaragoza","author_link":"https:\/\/www.ametllerorigenwp.com\/es\/author\/mzaragoza\/"},"uagb_comment_info":0,"uagb_excerpt":"Coincidiendo que esta semana se celebra el D\u00eda Internacional de la Sand\u00eda, \u00a1te proponemos preparar sand\u00eda a la plancha con cerezas y mozzarella para disfrutar de esta delicia refrescante de temporada! Ingredientes para 3 personas: \u00bd sand\u00eda 200 g de cerezas Mozzarella mini Hojas de albahaca 1 lima Aceite de oliva virgen extra Sal en&hellip;","coauthors":[],"tax_additional":{"categories":{"linked":["<a href=\"https:\/\/www.ametllerorigenwp.com\/es\/category\/noticias\/\" class=\"advgb-post-tax-term\">Noticias<\/a>"],"unlinked":["<span class=\"advgb-post-tax-term\">Noticias<\/span>"]}},"comment_count":"0","relative_dates":{"created":"Publicado 3 a\u00f1os hace","modified":"Actualizado 3 a\u00f1os hace"},"absolute_dates":{"created":"Publicado el 4 de agosto de 2023","modified":"Actualizado el 3 de agosto de 2023"},"absolute_dates_time":{"created":"Publicado el 4 de agosto de 2023 01:00","modified":"Actualizado el 3 de agosto de 2023 07:00"},"featured_img_caption":"","series_order":"","show_in_app":true,"fecha_inicio_destacado":null,"hora_inicio_visualizacion":null,"minutos_inicio_visualizacion":null,"fecha_final_destacado":null,"hora_final_visualizacion":null,"minutos_final_visualizacion":null,"posicion_visualizacion":null,"estado_destacado":null,"niveles_destacados":null,"url_del_enlace":null,"banner_destacado":null,"posicion_visualizacion_de_la_noticia":"01","estado_noticia":["Visible"],"fecha_de_inicio_de_visualizacion_del_tutorial":null,"hora_inicio_visualizacion_tutorial":null,"minutos_inicio_visualizacion_tutorial":null,"fecha_de_final_de_visualizacion_del_tutorial":null,"hora_final_visualizacion_tutorial":null,"minutos_final_visualizacion_tutorial":null,"numero_de_veces_visto":null,"numero_de_veces_total":null,"niveles_tutorial":null,"tutorial_recursos_castellano":null,"tutorial_recursos_catalan":null,"dias_disponibles":null,"dias_de_la_semana":null,"dias_del_mes":null,"other_lang_post_id":null,"lang":"es","campanya_descripcion":null,"campanya_fecha_inicio":null,"campanya_fecha_fin":null,"campanya_legales":null,"campanya_imagen":null,"campanya_characteristics":null,"campanya_url":null,"campanya_posicion_visualizacion":null,"campanya_estado":null,"_links":{"self":[{"href":"https:\/\/www.ametllerorigenwp.com\/es\/wp-json\/wp\/v2\/posts\/9410","targetHints":{"allow":["GET"]}}],"collection":[{"href":"https:\/\/www.ametllerorigenwp.com\/es\/wp-json\/wp\/v2\/posts"}],"about":[{"href":"https:\/\/www.ametllerorigenwp.com\/es\/wp-json\/wp\/v2\/types\/post"}],"author":[{"embeddable":true,"href":"https:\/\/www.ametllerorigenwp.com\/es\/wp-json\/wp\/v2\/users\/5"}],"replies":[{"embeddable":true,"href":"https:\/\/www.ametllerorigenwp.com\/es\/wp-json\/wp\/v2\/comments?post=9410"}],"version-history":[{"count":2,"href":"https:\/\/www.ametllerorigenwp.com\/es\/wp-json\/wp\/v2\/posts\/9410\/revisions"}],"predecessor-version":[{"id":9441,"href":"https:\/\/www.ametllerorigenwp.com\/es\/wp-json\/wp\/v2\/posts\/9410\/revisions\/9441"}],"wp:featuredmedia":[{"embeddable":true,"href":"https:\/\/www.ametllerorigenwp.com\/es\/wp-json\/wp\/v2\/media\/9411"}],"wp:attachment":[{"href":"https:\/\/www.ametllerorigenwp.com\/es\/wp-json\/wp\/v2\/media?parent=9410"}],"wp:term":[{"taxonomy":"category","embeddable":true,"href":"https:\/\/www.ametllerorigenwp.com\/es\/wp-json\/wp\/v2\/categories?post=9410"},{"taxonomy":"post_tag","embeddable":true,"href":"https:\/\/www.ametllerorigenwp.com\/es\/wp-json\/wp\/v2\/tags?post=9410"}],"curies":[{"name":"wp","href":"https:\/\/api.w.org\/{rel}","templated":true}]}}