{"id":9511,"date":"2023-08-30T01:00:35","date_gmt":"2023-08-30T01:00:35","guid":{"rendered":"https:\/\/www.ametllerorigenwp.com\/?p=9511"},"modified":"2023-08-23T11:25:54","modified_gmt":"2023-08-23T11:25:54","slug":"hablamos-con-el-chef-rodrigo-de-la-calle-maximo-exponente-de-la-alta-cocina-elaborada-con-verduras","status":"publish","type":"post","link":"https:\/\/www.ametllerorigenwp.com\/es\/hablamos-con-el-chef-rodrigo-de-la-calle-maximo-exponente-de-la-alta-cocina-elaborada-con-verduras\/","title":{"rendered":"Hablamos con el chef Rodrigo de la Calle, m\u00e1ximo exponente de la alta cocina elaborada con verduras"},"content":{"rendered":"<p><strong>\u201cMe gusta cocinar con verduras por su versatilidad, las variedades, las formas, los colores y los sabores\u201d<\/strong>, esto es lo que ha explicado el chef Rodrigo de la Calle, estrella Michelin y estrella Verde, en el sexto n\u00famero de la revista Fem Cam\u00ed.<strong>\u00a0 <\/strong><\/p>\n<p><strong>\u00bfQuieres conocer cu\u00e1l es su cocina, cu\u00e1les han estado sus or\u00edgenes y c\u00f3mo la infancia lo marc\u00f3, as\u00ed como de la alimentaci\u00f3n actual?<\/strong> \u00a1Desc\u00fabrelo en esta <a href=\"https:\/\/www.femcami.org\/es\/revista-fem-cami\/fem-cami-junio-2023\/\">entrevista<\/a>!<\/p>\n","protected":false},"excerpt":{"rendered":"<p>\u201cMe gusta cocinar con verduras por su versatilidad, las variedades, las formas, los colores y los sabores\u201d, esto es lo que ha explicado el chef Rodrigo de la Calle, estrella Michelin y estrella Verde, en el sexto n\u00famero de la revista Fem Cam\u00ed.\u00a0 \u00bfQuieres conocer cu\u00e1l es su cocina, cu\u00e1les han estado sus or\u00edgenes y &hellip; <a href=\"https:\/\/www.ametllerorigenwp.com\/es\/hablamos-con-el-chef-rodrigo-de-la-calle-maximo-exponente-de-la-alta-cocina-elaborada-con-verduras\/\" class=\"more-link\">Continuar leyendo<span class=\"screen-reader-text\"> \u00abHablamos con el chef Rodrigo de la Calle, m\u00e1ximo exponente de la alta cocina elaborada con verduras\u00bb<\/span><\/a><\/p>\n","protected":false},"author":5,"featured_media":9512,"comment_status":"closed","ping_status":"closed","sticky":false,"template":"","format":"standard","meta":{"_uag_custom_page_level_css":"","advgb_blocks_editor_width":"","advgb_blocks_columns_visual_guide":"","footnotes":""},"categories":[1],"tags":[],"class_list":["post-9511","post","type-post","status-publish","format-standard","has-post-thumbnail","hentry","category-noticias"],"author_meta":{"display_name":"Mireia Zaragoza","author_link":"https:\/\/www.ametllerorigenwp.com\/es\/author\/mzaragoza\/"},"featured_img":"https:\/\/www.ametllerorigenwp.com\/wp-content\/uploads\/2023\/08\/foto_app_rodrigo_1-1-300x102.jpg","uagb_featured_image_src":{"full":["https:\/\/www.ametllerorigenwp.com\/wp-content\/uploads\/2023\/08\/foto_app_rodrigo_1-1.jpg",1000,340,false],"thumbnail":["https:\/\/www.ametllerorigenwp.com\/wp-content\/uploads\/2023\/08\/foto_app_rodrigo_1-1-150x150.jpg",150,150,true],"medium":["https:\/\/www.ametllerorigenwp.com\/wp-content\/uploads\/2023\/08\/foto_app_rodrigo_1-1-300x102.jpg",300,102,true],"medium_large":["https:\/\/www.ametllerorigenwp.com\/wp-content\/uploads\/2023\/08\/foto_app_rodrigo_1-1-768x261.jpg",768,261,true],"large":["https:\/\/www.ametllerorigenwp.com\/wp-content\/uploads\/2023\/08\/foto_app_rodrigo_1-1.jpg",840,286,false],"1536x1536":["https:\/\/www.ametllerorigenwp.com\/wp-content\/uploads\/2023\/08\/foto_app_rodrigo_1-1.jpg",1000,340,false],"2048x2048":["https:\/\/www.ametllerorigenwp.com\/wp-content\/uploads\/2023\/08\/foto_app_rodrigo_1-1.jpg",1000,340,false],"post-thumbnail":["https:\/\/www.ametllerorigenwp.com\/wp-content\/uploads\/2023\/08\/foto_app_rodrigo_1-1.jpg",1000,340,false]},"uagb_author_info":{"display_name":"Mireia Zaragoza","author_link":"https:\/\/www.ametllerorigenwp.com\/es\/author\/mzaragoza\/"},"uagb_comment_info":0,"uagb_excerpt":"\u201cMe gusta cocinar con verduras por su versatilidad, las variedades, las formas, los colores y los sabores\u201d, esto es lo que ha explicado el chef Rodrigo de la Calle, estrella Michelin y estrella Verde, en el sexto n\u00famero de la revista Fem Cam\u00ed.\u00a0 \u00bfQuieres conocer cu\u00e1l es su cocina, cu\u00e1les han estado sus or\u00edgenes y&hellip;","coauthors":[],"tax_additional":{"categories":{"linked":["<a href=\"https:\/\/www.ametllerorigenwp.com\/es\/category\/noticias\/\" class=\"advgb-post-tax-term\">Noticias<\/a>"],"unlinked":["<span class=\"advgb-post-tax-term\">Noticias<\/span>"]}},"comment_count":"0","relative_dates":{"created":"Publicado 3 a\u00f1os hace","modified":"Actualizado 3 a\u00f1os hace"},"absolute_dates":{"created":"Publicado el 30 de agosto de 2023","modified":"Actualizado el 23 de agosto de 2023"},"absolute_dates_time":{"created":"Publicado el 30 de agosto de 2023 01:00","modified":"Actualizado el 23 de agosto de 2023 11:25"},"featured_img_caption":"","series_order":"","show_in_app":true,"fecha_inicio_destacado":null,"hora_inicio_visualizacion":null,"minutos_inicio_visualizacion":null,"fecha_final_destacado":null,"hora_final_visualizacion":null,"minutos_final_visualizacion":null,"posicion_visualizacion":null,"estado_destacado":null,"niveles_destacados":null,"url_del_enlace":null,"banner_destacado":null,"posicion_visualizacion_de_la_noticia":"01","estado_noticia":["Visible"],"fecha_de_inicio_de_visualizacion_del_tutorial":null,"hora_inicio_visualizacion_tutorial":null,"minutos_inicio_visualizacion_tutorial":null,"fecha_de_final_de_visualizacion_del_tutorial":null,"hora_final_visualizacion_tutorial":null,"minutos_final_visualizacion_tutorial":null,"numero_de_veces_visto":null,"numero_de_veces_total":null,"niveles_tutorial":null,"tutorial_recursos_castellano":null,"tutorial_recursos_catalan":null,"dias_disponibles":null,"dias_de_la_semana":null,"dias_del_mes":null,"other_lang_post_id":null,"lang":"es","campanya_descripcion":null,"campanya_fecha_inicio":null,"campanya_fecha_fin":null,"campanya_legales":null,"campanya_imagen":null,"campanya_characteristics":null,"campanya_url":null,"campanya_posicion_visualizacion":null,"campanya_estado":null,"_links":{"self":[{"href":"https:\/\/www.ametllerorigenwp.com\/es\/wp-json\/wp\/v2\/posts\/9511","targetHints":{"allow":["GET"]}}],"collection":[{"href":"https:\/\/www.ametllerorigenwp.com\/es\/wp-json\/wp\/v2\/posts"}],"about":[{"href":"https:\/\/www.ametllerorigenwp.com\/es\/wp-json\/wp\/v2\/types\/post"}],"author":[{"embeddable":true,"href":"https:\/\/www.ametllerorigenwp.com\/es\/wp-json\/wp\/v2\/users\/5"}],"replies":[{"embeddable":true,"href":"https:\/\/www.ametllerorigenwp.com\/es\/wp-json\/wp\/v2\/comments?post=9511"}],"version-history":[{"count":1,"href":"https:\/\/www.ametllerorigenwp.com\/es\/wp-json\/wp\/v2\/posts\/9511\/revisions"}],"predecessor-version":[{"id":9514,"href":"https:\/\/www.ametllerorigenwp.com\/es\/wp-json\/wp\/v2\/posts\/9511\/revisions\/9514"}],"wp:featuredmedia":[{"embeddable":true,"href":"https:\/\/www.ametllerorigenwp.com\/es\/wp-json\/wp\/v2\/media\/9512"}],"wp:attachment":[{"href":"https:\/\/www.ametllerorigenwp.com\/es\/wp-json\/wp\/v2\/media?parent=9511"}],"wp:term":[{"taxonomy":"category","embeddable":true,"href":"https:\/\/www.ametllerorigenwp.com\/es\/wp-json\/wp\/v2\/categories?post=9511"},{"taxonomy":"post_tag","embeddable":true,"href":"https:\/\/www.ametllerorigenwp.com\/es\/wp-json\/wp\/v2\/tags?post=9511"}],"curies":[{"name":"wp","href":"https:\/\/api.w.org\/{rel}","templated":true}]}}