{"id":9530,"date":"2023-09-07T01:00:59","date_gmt":"2023-09-07T01:00:59","guid":{"rendered":"https:\/\/www.ametllerorigenwp.com\/?p=9530"},"modified":"2023-09-06T16:21:08","modified_gmt":"2023-09-06T16:21:08","slug":"volver-a-la-rutina-con-nuestros-menus-semanales-no-ha-sido-nunca-tan-facil","status":"publish","type":"post","link":"https:\/\/www.ametllerorigenwp.com\/es\/volver-a-la-rutina-con-nuestros-menus-semanales-no-ha-sido-nunca-tan-facil\/","title":{"rendered":"\u00a1Vuelve a la rutina con nuestro men\u00fa semanal!"},"content":{"rendered":"<p>\u00a1Retoma los h\u00e1bitos saludables, con la llegada de septiembre! Para ayudarte, <strong>cada semana te proponemos un men\u00fa semanal para que sigas una alimentaci\u00f3n variada, sabrosa, sostenible y de temporada<\/strong><\/p>\n<p>Elaborado por <strong>nuestro equipo de nutricionistas, liderado por la Dra. Eul\u00e0lia Vidal, y siguiendo las recomendaciones de la Agencia de Salud P\u00fablica de Catalunya (ASPCAT), cada lunes encontrar\u00e1s una propuesta de men\u00fa completo, en funci\u00f3n de si sigues una dieta omn\u00edvora, vegetariana u ovol\u00e1ctea<\/strong>.<\/p>\n<p>\u00a1Consulta nuestro <a href=\"https:\/\/corp.ametllerorigen.com\/es\/menu-semanal\/\">men\u00fa semanal!<\/a><\/p>\n","protected":false},"excerpt":{"rendered":"<p>\u00a1Retoma los h\u00e1bitos saludables, con la llegada de septiembre! Para ayudarte, cada semana te proponemos un men\u00fa semanal para que sigas una alimentaci\u00f3n variada, sabrosa, sostenible y de temporada Elaborado por nuestro equipo de nutricionistas, liderado por la Dra. Eul\u00e0lia Vidal, y siguiendo las recomendaciones de la Agencia de Salud P\u00fablica de Catalunya (ASPCAT), cada &hellip; <a href=\"https:\/\/www.ametllerorigenwp.com\/es\/volver-a-la-rutina-con-nuestros-menus-semanales-no-ha-sido-nunca-tan-facil\/\" class=\"more-link\">Continuar leyendo<span class=\"screen-reader-text\"> \u00ab\u00a1Vuelve a la rutina con nuestro men\u00fa semanal!\u00bb<\/span><\/a><\/p>\n","protected":false},"author":5,"featured_media":9531,"comment_status":"closed","ping_status":"closed","sticky":false,"template":"","format":"standard","meta":{"_uag_custom_page_level_css":"","advgb_blocks_editor_width":"","advgb_blocks_columns_visual_guide":"","footnotes":""},"categories":[1],"tags":[],"class_list":["post-9530","post","type-post","status-publish","format-standard","has-post-thumbnail","hentry","category-noticias"],"author_meta":{"display_name":"Mireia Zaragoza","author_link":"https:\/\/www.ametllerorigenwp.com\/es\/author\/mzaragoza\/"},"featured_img":"https:\/\/www.ametllerorigenwp.com\/wp-content\/uploads\/2023\/08\/IM_APP_MENU_SETMANAL-300x102.jpg","uagb_featured_image_src":{"full":["https:\/\/www.ametllerorigenwp.com\/wp-content\/uploads\/2023\/08\/IM_APP_MENU_SETMANAL.jpg",1000,340,false],"thumbnail":["https:\/\/www.ametllerorigenwp.com\/wp-content\/uploads\/2023\/08\/IM_APP_MENU_SETMANAL-150x150.jpg",150,150,true],"medium":["https:\/\/www.ametllerorigenwp.com\/wp-content\/uploads\/2023\/08\/IM_APP_MENU_SETMANAL-300x102.jpg",300,102,true],"medium_large":["https:\/\/www.ametllerorigenwp.com\/wp-content\/uploads\/2023\/08\/IM_APP_MENU_SETMANAL-768x261.jpg",768,261,true],"large":["https:\/\/www.ametllerorigenwp.com\/wp-content\/uploads\/2023\/08\/IM_APP_MENU_SETMANAL.jpg",840,286,false],"1536x1536":["https:\/\/www.ametllerorigenwp.com\/wp-content\/uploads\/2023\/08\/IM_APP_MENU_SETMANAL.jpg",1000,340,false],"2048x2048":["https:\/\/www.ametllerorigenwp.com\/wp-content\/uploads\/2023\/08\/IM_APP_MENU_SETMANAL.jpg",1000,340,false],"post-thumbnail":["https:\/\/www.ametllerorigenwp.com\/wp-content\/uploads\/2023\/08\/IM_APP_MENU_SETMANAL.jpg",1000,340,false]},"uagb_author_info":{"display_name":"Mireia Zaragoza","author_link":"https:\/\/www.ametllerorigenwp.com\/es\/author\/mzaragoza\/"},"uagb_comment_info":0,"uagb_excerpt":"\u00a1Retoma los h\u00e1bitos saludables, con la llegada de septiembre! Para ayudarte, cada semana te proponemos un men\u00fa semanal para que sigas una alimentaci\u00f3n variada, sabrosa, sostenible y de temporada Elaborado por nuestro equipo de nutricionistas, liderado por la Dra. Eul\u00e0lia Vidal, y siguiendo las recomendaciones de la Agencia de Salud P\u00fablica de Catalunya (ASPCAT), cada&hellip;","coauthors":[],"tax_additional":{"categories":{"linked":["<a href=\"https:\/\/www.ametllerorigenwp.com\/es\/category\/noticias\/\" class=\"advgb-post-tax-term\">Noticias<\/a>"],"unlinked":["<span class=\"advgb-post-tax-term\">Noticias<\/span>"]}},"comment_count":"0","relative_dates":{"created":"Publicado 3 a\u00f1os hace","modified":"Actualizado 3 a\u00f1os hace"},"absolute_dates":{"created":"Publicado el 7 de septiembre de 2023","modified":"Actualizado el 6 de septiembre de 2023"},"absolute_dates_time":{"created":"Publicado el 7 de septiembre de 2023 01:00","modified":"Actualizado el 6 de septiembre de 2023 16:21"},"featured_img_caption":"","series_order":"","show_in_app":true,"fecha_inicio_destacado":null,"hora_inicio_visualizacion":null,"minutos_inicio_visualizacion":null,"fecha_final_destacado":null,"hora_final_visualizacion":null,"minutos_final_visualizacion":null,"posicion_visualizacion":null,"estado_destacado":null,"niveles_destacados":null,"url_del_enlace":null,"banner_destacado":null,"posicion_visualizacion_de_la_noticia":"01","estado_noticia":["Visible"],"fecha_de_inicio_de_visualizacion_del_tutorial":null,"hora_inicio_visualizacion_tutorial":null,"minutos_inicio_visualizacion_tutorial":null,"fecha_de_final_de_visualizacion_del_tutorial":null,"hora_final_visualizacion_tutorial":null,"minutos_final_visualizacion_tutorial":null,"numero_de_veces_visto":null,"numero_de_veces_total":null,"niveles_tutorial":null,"tutorial_recursos_castellano":null,"tutorial_recursos_catalan":null,"dias_disponibles":null,"dias_de_la_semana":null,"dias_del_mes":null,"other_lang_post_id":null,"lang":"es","campanya_descripcion":null,"campanya_fecha_inicio":null,"campanya_fecha_fin":null,"campanya_legales":null,"campanya_imagen":null,"campanya_characteristics":null,"campanya_url":null,"campanya_posicion_visualizacion":null,"campanya_estado":null,"_links":{"self":[{"href":"https:\/\/www.ametllerorigenwp.com\/es\/wp-json\/wp\/v2\/posts\/9530","targetHints":{"allow":["GET"]}}],"collection":[{"href":"https:\/\/www.ametllerorigenwp.com\/es\/wp-json\/wp\/v2\/posts"}],"about":[{"href":"https:\/\/www.ametllerorigenwp.com\/es\/wp-json\/wp\/v2\/types\/post"}],"author":[{"embeddable":true,"href":"https:\/\/www.ametllerorigenwp.com\/es\/wp-json\/wp\/v2\/users\/5"}],"replies":[{"embeddable":true,"href":"https:\/\/www.ametllerorigenwp.com\/es\/wp-json\/wp\/v2\/comments?post=9530"}],"version-history":[{"count":3,"href":"https:\/\/www.ametllerorigenwp.com\/es\/wp-json\/wp\/v2\/posts\/9530\/revisions"}],"predecessor-version":[{"id":9737,"href":"https:\/\/www.ametllerorigenwp.com\/es\/wp-json\/wp\/v2\/posts\/9530\/revisions\/9737"}],"wp:featuredmedia":[{"embeddable":true,"href":"https:\/\/www.ametllerorigenwp.com\/es\/wp-json\/wp\/v2\/media\/9531"}],"wp:attachment":[{"href":"https:\/\/www.ametllerorigenwp.com\/es\/wp-json\/wp\/v2\/media?parent=9530"}],"wp:term":[{"taxonomy":"category","embeddable":true,"href":"https:\/\/www.ametllerorigenwp.com\/es\/wp-json\/wp\/v2\/categories?post=9530"},{"taxonomy":"post_tag","embeddable":true,"href":"https:\/\/www.ametllerorigenwp.com\/es\/wp-json\/wp\/v2\/tags?post=9530"}],"curies":[{"name":"wp","href":"https:\/\/api.w.org\/{rel}","templated":true}]}}