{"id":96,"date":"2020-12-17T11:12:00","date_gmt":"2020-12-17T11:12:00","guid":{"rendered":"http:\/\/www.ametllerorigenwp.com\/tu-carniceria-ametller-origen-mas-cerca\/"},"modified":"2021-01-14T09:23:22","modified_gmt":"2021-01-14T09:23:22","slug":"tu-carniceria-ametller-origen-mas-cerca","status":"publish","type":"post","link":"https:\/\/www.ametllerorigenwp.com\/es\/tu-carniceria-ametller-origen-mas-cerca\/","title":{"rendered":"\u00a1Encuentra tu carnicer\u00eda de  Ametller Origen m\u00e1s cercana!"},"content":{"rendered":"\n<p>Listado de tiendas:<br><strong>BARCELONA<\/strong><\/p>\n\n\n\n<p>&#8211; Carrer de Pi i Margall, 29-31<br>&#8211; Josep Tarradellas,129<br>&#8211; Travessera de les Corts, 265-267<br>&#8211; Carrer Val\u00e8ncia, 184<br>&#8211; Carrer Borrell, 71<br>&#8211; Carrer Padilla, 230<br>&#8211; Carrer Rossell\u00f3, 298<br>&#8211; Carrer Casp, 146<br>&#8211; Carrer de Calvet, 33<br>&#8211; Rambla del Poblenou, 124<br>&#8211; Pla\u00e7a de Joaqu\u00edm Folguera, 6<br>&#8211; Carrer Mallorca, 86<br>&#8211; Carrer de Girona, 5<br>&#8211; Carrer Cal\u00e0bria, 123<br>&#8211; Ronda General Mitre, 132<br>&#8211; Carrer Mandri, 52<br>&#8211; Carrer de Num\u00e0ncia, 47<\/p>\n\n\n\n<p><br><strong>PROVINCIA DE BARCELONA Y GIRONA<\/strong><\/p>\n\n\n\n<p>&#8211; Carrer Francesc Layret, 36. Badalona<br>&#8211; Carrer de Josep Coroleu, 79. Vilanova i la Geltr\u00fa<br>&#8211; Carrer de la Pau, 14. Sant Pere de Ribes<br>&#8211; Carrer de Salvador Busquets, 1. Terrassa<br>&#8211; Av. Jaume Carner, 36. El Vendrell<br>&#8211; Carrer Mol\u00ed, 10. Molins de Rei<br>&#8211; Av. Artur Carbonell, 24. Sitges<br>&#8211; Avinguda de Pi i Margall, 150. Caldes de Montbui<br>&#8211; Carrer Ram\u00f3n i Cajal, 19. Tarragona<br>&#8211; Carrer de la Cerdanya, 2. Sant Cugat del Vall\u00e8s<br>&#8211; Pla\u00e7a Nova de les Dones del T\u00e8xtil, 19. Masnou<br>&#8211; Av. de Barcelona, 35. Ol\u00e8rdola<br>&#8211; Carrer de l&#8217;Empord\u00e0, 82. Figueres<br>&#8211; Rambla de la Generalitat, 29. Sant Sadurn\u00ed d&#8217;Anoia<\/p>\n","protected":false},"excerpt":{"rendered":"<p>Listado de tiendas:BARCELONA &#8211; Carrer de Pi i Margall, 29-31&#8211; Josep Tarradellas,129&#8211; Travessera de les Corts, 265-267&#8211; Carrer Val\u00e8ncia, 184&#8211; Carrer Borrell, 71&#8211; Carrer Padilla, 230&#8211; Carrer Rossell\u00f3, 298&#8211; Carrer Casp, 146&#8211; Carrer de Calvet, 33&#8211; Rambla del Poblenou, 124&#8211; Pla\u00e7a de Joaqu\u00edm Folguera, 6&#8211; Carrer Mallorca, 86&#8211; Carrer de Girona, 5&#8211; Carrer Cal\u00e0bria, 123&#8211; &hellip; <a href=\"https:\/\/www.ametllerorigenwp.com\/es\/tu-carniceria-ametller-origen-mas-cerca\/\" class=\"more-link\">Continuar leyendo<span class=\"screen-reader-text\"> \u00ab\u00a1Encuentra tu carnicer\u00eda de  Ametller Origen m\u00e1s cercana!\u00bb<\/span><\/a><\/p>\n","protected":false},"author":1,"featured_media":383,"comment_status":"open","ping_status":"open","sticky":false,"template":"","format":"standard","meta":{"_uag_custom_page_level_css":"","advgb_blocks_editor_width":"","advgb_blocks_columns_visual_guide":"","footnotes":""},"categories":[1],"tags":[],"class_list":["post-96","post","type-post","status-publish","format-standard","has-post-thumbnail","hentry","category-noticias"],"author_meta":{"display_name":"admin","author_link":"https:\/\/www.ametllerorigenwp.com\/es\/author\/admin\/"},"featured_img":"https:\/\/www.ametllerorigenwp.com\/wp-content\/uploads\/2020\/12\/9S2A4027-300x200.jpg","uagb_featured_image_src":{"full":["https:\/\/www.ametllerorigenwp.com\/wp-content\/uploads\/2020\/12\/9S2A4027-scaled.jpg",2560,1707,false],"thumbnail":["https:\/\/www.ametllerorigenwp.com\/wp-content\/uploads\/2020\/12\/9S2A4027-150x150.jpg",150,150,true],"medium":["https:\/\/www.ametllerorigenwp.com\/wp-content\/uploads\/2020\/12\/9S2A4027-300x200.jpg",300,200,true],"medium_large":["https:\/\/www.ametllerorigenwp.com\/wp-content\/uploads\/2020\/12\/9S2A4027-768x512.jpg",768,512,true],"large":["https:\/\/www.ametllerorigenwp.com\/wp-content\/uploads\/2020\/12\/9S2A4027-1024x683.jpg",840,560,true],"1536x1536":["https:\/\/www.ametllerorigenwp.com\/wp-content\/uploads\/2020\/12\/9S2A4027-1536x1024.jpg",1536,1024,true],"2048x2048":["https:\/\/www.ametllerorigenwp.com\/wp-content\/uploads\/2020\/12\/9S2A4027-2048x1365.jpg",2048,1365,true],"post-thumbnail":["https:\/\/www.ametllerorigenwp.com\/wp-content\/uploads\/2020\/12\/9S2A4027-1200x800.jpg",1200,800,true]},"uagb_author_info":{"display_name":"admin","author_link":"https:\/\/www.ametllerorigenwp.com\/es\/author\/admin\/"},"uagb_comment_info":0,"uagb_excerpt":"Listado de tiendas:BARCELONA &#8211; Carrer de Pi i Margall, 29-31&#8211; Josep Tarradellas,129&#8211; Travessera de les Corts, 265-267&#8211; Carrer Val\u00e8ncia, 184&#8211; Carrer Borrell, 71&#8211; Carrer Padilla, 230&#8211; Carrer Rossell\u00f3, 298&#8211; Carrer Casp, 146&#8211; Carrer de Calvet, 33&#8211; Rambla del Poblenou, 124&#8211; Pla\u00e7a de Joaqu\u00edm Folguera, 6&#8211; Carrer Mallorca, 86&#8211; Carrer de Girona, 5&#8211; Carrer Cal\u00e0bria, 123&#8211;&hellip;","coauthors":[],"tax_additional":{"categories":{"linked":["<a href=\"https:\/\/www.ametllerorigenwp.com\/es\/category\/noticias\/\" class=\"advgb-post-tax-term\">Noticias<\/a>"],"unlinked":["<span class=\"advgb-post-tax-term\">Noticias<\/span>"]}},"comment_count":"0","relative_dates":{"created":"Publicado 5 a\u00f1os hace","modified":"Actualizado 5 a\u00f1os hace"},"absolute_dates":{"created":"Publicado el 17 de diciembre de 2020","modified":"Actualizado el 14 de enero de 2021"},"absolute_dates_time":{"created":"Publicado el 17 de diciembre de 2020 11:12","modified":"Actualizado el 14 de enero de 2021 09:23"},"featured_img_caption":"","series_order":"","show_in_app":true,"fecha_inicio_destacado":null,"hora_inicio_visualizacion":null,"minutos_inicio_visualizacion":null,"fecha_final_destacado":null,"hora_final_visualizacion":null,"minutos_final_visualizacion":null,"posicion_visualizacion":null,"estado_destacado":null,"niveles_destacados":null,"url_del_enlace":null,"banner_destacado":null,"posicion_visualizacion_de_la_noticia":null,"estado_noticia":null,"fecha_de_inicio_de_visualizacion_del_tutorial":null,"hora_inicio_visualizacion_tutorial":null,"minutos_inicio_visualizacion_tutorial":null,"fecha_de_final_de_visualizacion_del_tutorial":null,"hora_final_visualizacion_tutorial":null,"minutos_final_visualizacion_tutorial":null,"numero_de_veces_visto":null,"numero_de_veces_total":null,"niveles_tutorial":null,"tutorial_recursos_castellano":null,"tutorial_recursos_catalan":null,"dias_disponibles":null,"dias_de_la_semana":null,"dias_del_mes":null,"other_lang_post_id":94,"lang":"es","campanya_descripcion":null,"campanya_fecha_inicio":null,"campanya_fecha_fin":null,"campanya_legales":null,"campanya_imagen":null,"campanya_characteristics":null,"campanya_url":null,"campanya_posicion_visualizacion":null,"campanya_estado":null,"_links":{"self":[{"href":"https:\/\/www.ametllerorigenwp.com\/es\/wp-json\/wp\/v2\/posts\/96","targetHints":{"allow":["GET"]}}],"collection":[{"href":"https:\/\/www.ametllerorigenwp.com\/es\/wp-json\/wp\/v2\/posts"}],"about":[{"href":"https:\/\/www.ametllerorigenwp.com\/es\/wp-json\/wp\/v2\/types\/post"}],"author":[{"embeddable":true,"href":"https:\/\/www.ametllerorigenwp.com\/es\/wp-json\/wp\/v2\/users\/1"}],"replies":[{"embeddable":true,"href":"https:\/\/www.ametllerorigenwp.com\/es\/wp-json\/wp\/v2\/comments?post=96"}],"version-history":[{"count":2,"href":"https:\/\/www.ametllerorigenwp.com\/es\/wp-json\/wp\/v2\/posts\/96\/revisions"}],"predecessor-version":[{"id":364,"href":"https:\/\/www.ametllerorigenwp.com\/es\/wp-json\/wp\/v2\/posts\/96\/revisions\/364"}],"wp:featuredmedia":[{"embeddable":true,"href":"https:\/\/www.ametllerorigenwp.com\/es\/wp-json\/wp\/v2\/media\/383"}],"wp:attachment":[{"href":"https:\/\/www.ametllerorigenwp.com\/es\/wp-json\/wp\/v2\/media?parent=96"}],"wp:term":[{"taxonomy":"category","embeddable":true,"href":"https:\/\/www.ametllerorigenwp.com\/es\/wp-json\/wp\/v2\/categories?post=96"},{"taxonomy":"post_tag","embeddable":true,"href":"https:\/\/www.ametllerorigenwp.com\/es\/wp-json\/wp\/v2\/tags?post=96"}],"curies":[{"name":"wp","href":"https:\/\/api.w.org\/{rel}","templated":true}]}}