{"id":973,"date":"2021-02-28T18:35:37","date_gmt":"2021-02-28T18:35:37","guid":{"rendered":"https:\/\/www.ametllerorigenwp.com\/?p=973"},"modified":"2021-02-28T18:35:40","modified_gmt":"2021-02-28T18:35:40","slug":"receta-alcachofas-al-microondas-en-10-minutos","status":"publish","type":"post","link":"https:\/\/www.ametllerorigenwp.com\/es\/receta-alcachofas-al-microondas-en-10-minutos\/","title":{"rendered":"Receta: alcachofas al microondas en 10 minutos"},"content":{"rendered":"\n<p><strong>\u00bfQuieres aprender a cocinar alcachofas en el microondas en tan solo 10 minutos? <\/strong>Cintet te ense\u00f1a <a href=\"https:\/\/www.instagram.com\/p\/CLunPq4IYWN\/\" target=\"_blank\" rel=\"noreferrer noopener\">en este v\u00eddeo<\/a> como prepararlas f\u00e1cilmente. Una receta muy saludable y sabrosa para poder incorporar esta verdura de temporada en tu men\u00fa semanal.<\/p>\n\n\n\n<p>\u00bfSab\u00edas que una raci\u00f3n de 4 alcachofas te aporta casi la mitad de fibra que se recomienda consumir a diario?<\/p>\n\n\n\n<p><strong><a href=\"https:\/\/www.instagram.com\/p\/CLunPq4IYWN\/\" target=\"_blank\" rel=\"noreferrer noopener\">\u00a1Aprende a cocinarlas!<\/a><\/strong><\/p>\n","protected":false},"excerpt":{"rendered":"<p>\u00bfQuieres aprender a cocinar alcachofas en el microondas en tan solo 10 minutos? Cintet te ense\u00f1a en este v\u00eddeo como prepararlas f\u00e1cilmente. Una receta muy saludable y sabrosa para poder incorporar esta verdura de temporada en tu men\u00fa semanal. \u00bfSab\u00edas que una raci\u00f3n de 4 alcachofas te aporta casi la mitad de fibra que se &hellip; <a href=\"https:\/\/www.ametllerorigenwp.com\/es\/receta-alcachofas-al-microondas-en-10-minutos\/\" class=\"more-link\">Continuar leyendo<span class=\"screen-reader-text\"> \u00abReceta: alcachofas al microondas en 10 minutos\u00bb<\/span><\/a><\/p>\n","protected":false},"author":5,"featured_media":971,"comment_status":"open","ping_status":"open","sticky":false,"template":"","format":"standard","meta":{"_uag_custom_page_level_css":"","advgb_blocks_editor_width":"","advgb_blocks_columns_visual_guide":"","footnotes":""},"categories":[1],"tags":[],"class_list":["post-973","post","type-post","status-publish","format-standard","has-post-thumbnail","hentry","category-noticias"],"author_meta":{"display_name":"Mireia Zaragoza","author_link":"https:\/\/www.ametllerorigenwp.com\/es\/author\/mzaragoza\/"},"featured_img":"https:\/\/www.ametllerorigenwp.com\/wp-content\/uploads\/2021\/02\/carxofes-al-microones-300x225.jpg","uagb_featured_image_src":{"full":["https:\/\/www.ametllerorigenwp.com\/wp-content\/uploads\/2021\/02\/carxofes-al-microones.jpg",1920,1440,false],"thumbnail":["https:\/\/www.ametllerorigenwp.com\/wp-content\/uploads\/2021\/02\/carxofes-al-microones-150x150.jpg",150,150,true],"medium":["https:\/\/www.ametllerorigenwp.com\/wp-content\/uploads\/2021\/02\/carxofes-al-microones-300x225.jpg",300,225,true],"medium_large":["https:\/\/www.ametllerorigenwp.com\/wp-content\/uploads\/2021\/02\/carxofes-al-microones-768x576.jpg",768,576,true],"large":["https:\/\/www.ametllerorigenwp.com\/wp-content\/uploads\/2021\/02\/carxofes-al-microones-1024x768.jpg",840,630,true],"1536x1536":["https:\/\/www.ametllerorigenwp.com\/wp-content\/uploads\/2021\/02\/carxofes-al-microones-1536x1152.jpg",1536,1152,true],"2048x2048":["https:\/\/www.ametllerorigenwp.com\/wp-content\/uploads\/2021\/02\/carxofes-al-microones.jpg",1920,1440,false],"post-thumbnail":["https:\/\/www.ametllerorigenwp.com\/wp-content\/uploads\/2021\/02\/carxofes-al-microones-1200x900.jpg",1200,900,true]},"uagb_author_info":{"display_name":"Mireia Zaragoza","author_link":"https:\/\/www.ametllerorigenwp.com\/es\/author\/mzaragoza\/"},"uagb_comment_info":0,"uagb_excerpt":"\u00bfQuieres aprender a cocinar alcachofas en el microondas en tan solo 10 minutos? Cintet te ense\u00f1a en este v\u00eddeo como prepararlas f\u00e1cilmente. Una receta muy saludable y sabrosa para poder incorporar esta verdura de temporada en tu men\u00fa semanal. \u00bfSab\u00edas que una raci\u00f3n de 4 alcachofas te aporta casi la mitad de fibra que se&hellip;","coauthors":[],"tax_additional":{"categories":{"linked":["<a href=\"https:\/\/www.ametllerorigenwp.com\/es\/category\/noticias\/\" class=\"advgb-post-tax-term\">Noticias<\/a>"],"unlinked":["<span class=\"advgb-post-tax-term\">Noticias<\/span>"]}},"comment_count":"0","relative_dates":{"created":"Publicado 5 a\u00f1os hace","modified":"Actualizado 5 a\u00f1os hace"},"absolute_dates":{"created":"Publicado el 28 de febrero de 2021","modified":"Actualizado el 28 de febrero de 2021"},"absolute_dates_time":{"created":"Publicado el 28 de febrero de 2021 18:35","modified":"Actualizado el 28 de febrero de 2021 18:35"},"featured_img_caption":"","series_order":"","show_in_app":true,"fecha_inicio_destacado":null,"hora_inicio_visualizacion":null,"minutos_inicio_visualizacion":null,"fecha_final_destacado":null,"hora_final_visualizacion":null,"minutos_final_visualizacion":null,"posicion_visualizacion":null,"estado_destacado":null,"niveles_destacados":null,"url_del_enlace":null,"banner_destacado":null,"posicion_visualizacion_de_la_noticia":null,"estado_noticia":null,"fecha_de_inicio_de_visualizacion_del_tutorial":null,"hora_inicio_visualizacion_tutorial":null,"minutos_inicio_visualizacion_tutorial":null,"fecha_de_final_de_visualizacion_del_tutorial":null,"hora_final_visualizacion_tutorial":null,"minutos_final_visualizacion_tutorial":null,"numero_de_veces_visto":null,"numero_de_veces_total":null,"niveles_tutorial":null,"tutorial_recursos_castellano":null,"tutorial_recursos_catalan":null,"dias_disponibles":null,"dias_de_la_semana":null,"dias_del_mes":null,"other_lang_post_id":null,"lang":"es","campanya_descripcion":null,"campanya_fecha_inicio":null,"campanya_fecha_fin":null,"campanya_legales":null,"campanya_imagen":null,"campanya_characteristics":null,"campanya_url":null,"campanya_posicion_visualizacion":null,"campanya_estado":null,"_links":{"self":[{"href":"https:\/\/www.ametllerorigenwp.com\/es\/wp-json\/wp\/v2\/posts\/973","targetHints":{"allow":["GET"]}}],"collection":[{"href":"https:\/\/www.ametllerorigenwp.com\/es\/wp-json\/wp\/v2\/posts"}],"about":[{"href":"https:\/\/www.ametllerorigenwp.com\/es\/wp-json\/wp\/v2\/types\/post"}],"author":[{"embeddable":true,"href":"https:\/\/www.ametllerorigenwp.com\/es\/wp-json\/wp\/v2\/users\/5"}],"replies":[{"embeddable":true,"href":"https:\/\/www.ametllerorigenwp.com\/es\/wp-json\/wp\/v2\/comments?post=973"}],"version-history":[{"count":1,"href":"https:\/\/www.ametllerorigenwp.com\/es\/wp-json\/wp\/v2\/posts\/973\/revisions"}],"predecessor-version":[{"id":974,"href":"https:\/\/www.ametllerorigenwp.com\/es\/wp-json\/wp\/v2\/posts\/973\/revisions\/974"}],"wp:featuredmedia":[{"embeddable":true,"href":"https:\/\/www.ametllerorigenwp.com\/es\/wp-json\/wp\/v2\/media\/971"}],"wp:attachment":[{"href":"https:\/\/www.ametllerorigenwp.com\/es\/wp-json\/wp\/v2\/media?parent=973"}],"wp:term":[{"taxonomy":"category","embeddable":true,"href":"https:\/\/www.ametllerorigenwp.com\/es\/wp-json\/wp\/v2\/categories?post=973"},{"taxonomy":"post_tag","embeddable":true,"href":"https:\/\/www.ametllerorigenwp.com\/es\/wp-json\/wp\/v2\/tags?post=973"}],"curies":[{"name":"wp","href":"https:\/\/api.w.org\/{rel}","templated":true}]}}