{"id":9844,"date":"2023-09-22T01:00:58","date_gmt":"2023-09-22T01:00:58","guid":{"rendered":"https:\/\/www.ametllerorigenwp.com\/?p=9844"},"modified":"2023-09-22T06:33:42","modified_gmt":"2023-09-22T06:33:42","slug":"te-invitamos-a-la-i-fiesta-del-tomate-de-viladecans","status":"publish","type":"post","link":"https:\/\/www.ametllerorigenwp.com\/es\/te-invitamos-a-la-i-fiesta-del-tomate-de-viladecans\/","title":{"rendered":"Amante del tomate, \u00a1esta fiesta es para ti!"},"content":{"rendered":"<p><strong>No te pierdas la I Fiesta del Tomate de Viladecans con el tomate cherry de Viladecans y el Tip Top como variedades protagonistas<\/strong>.<\/p>\n<p><strong>Ven el pr\u00f3ximo s\u00e1bado 30 de septiembre a la Pla\u00e7a de la Mediterr\u00e0nia en el C\u00fabic de Viladecans y disfruta de un d\u00eda lleno de actividades culinarias, gastron\u00f3micas, degustaciones, cine y un gran reto: conseguir la cata de tomates simult\u00e1nea m\u00e1s grande del mundo<\/strong>. \u00a1Te necesitamos para hacerlo posible!<\/p>\n<p>Ap\u00fantate a todas las actividades en las que quieras participar <a href=\"https:\/\/mercat-autors.ametllerorigen.com\/\">aqu\u00ed<\/a>. \u00a1Hay para toda la familia!<\/p>\n","protected":false},"excerpt":{"rendered":"<p>No te pierdas la I Fiesta del Tomate de Viladecans con el tomate cherry de Viladecans y el Tip Top como variedades protagonistas. Ven el pr\u00f3ximo s\u00e1bado 30 de septiembre a la Pla\u00e7a de la Mediterr\u00e0nia en el C\u00fabic de Viladecans y disfruta de un d\u00eda lleno de actividades culinarias, gastron\u00f3micas, degustaciones, cine y un &hellip; <a href=\"https:\/\/www.ametllerorigenwp.com\/es\/te-invitamos-a-la-i-fiesta-del-tomate-de-viladecans\/\" class=\"more-link\">Continuar leyendo<span class=\"screen-reader-text\"> \u00abAmante del tomate, \u00a1esta fiesta es para ti!\u00bb<\/span><\/a><\/p>\n","protected":false},"author":5,"featured_media":9861,"comment_status":"closed","ping_status":"closed","sticky":false,"template":"","format":"standard","meta":{"_uag_custom_page_level_css":"","advgb_blocks_editor_width":"","advgb_blocks_columns_visual_guide":"","footnotes":""},"categories":[1],"tags":[],"class_list":["post-9844","post","type-post","status-publish","format-standard","has-post-thumbnail","hentry","category-noticias"],"author_meta":{"display_name":"Mireia Zaragoza","author_link":"https:\/\/www.ametllerorigenwp.com\/es\/author\/mzaragoza\/"},"featured_img":"https:\/\/www.ametllerorigenwp.com\/wp-content\/uploads\/2023\/09\/B_APP_FESTA_DEL_TOMAQUET_ES-1-300x105.jpg","uagb_featured_image_src":{"full":["https:\/\/www.ametllerorigenwp.com\/wp-content\/uploads\/2023\/09\/B_APP_FESTA_DEL_TOMAQUET_ES-1.jpg",1423,498,false],"thumbnail":["https:\/\/www.ametllerorigenwp.com\/wp-content\/uploads\/2023\/09\/B_APP_FESTA_DEL_TOMAQUET_ES-1-150x150.jpg",150,150,true],"medium":["https:\/\/www.ametllerorigenwp.com\/wp-content\/uploads\/2023\/09\/B_APP_FESTA_DEL_TOMAQUET_ES-1-300x105.jpg",300,105,true],"medium_large":["https:\/\/www.ametllerorigenwp.com\/wp-content\/uploads\/2023\/09\/B_APP_FESTA_DEL_TOMAQUET_ES-1-768x269.jpg",768,269,true],"large":["https:\/\/www.ametllerorigenwp.com\/wp-content\/uploads\/2023\/09\/B_APP_FESTA_DEL_TOMAQUET_ES-1-1024x358.jpg",840,294,true],"1536x1536":["https:\/\/www.ametllerorigenwp.com\/wp-content\/uploads\/2023\/09\/B_APP_FESTA_DEL_TOMAQUET_ES-1.jpg",1423,498,false],"2048x2048":["https:\/\/www.ametllerorigenwp.com\/wp-content\/uploads\/2023\/09\/B_APP_FESTA_DEL_TOMAQUET_ES-1.jpg",1423,498,false],"post-thumbnail":["https:\/\/www.ametllerorigenwp.com\/wp-content\/uploads\/2023\/09\/B_APP_FESTA_DEL_TOMAQUET_ES-1-1200x420.jpg",1200,420,true]},"uagb_author_info":{"display_name":"Mireia Zaragoza","author_link":"https:\/\/www.ametllerorigenwp.com\/es\/author\/mzaragoza\/"},"uagb_comment_info":0,"uagb_excerpt":"No te pierdas la I Fiesta del Tomate de Viladecans con el tomate cherry de Viladecans y el Tip Top como variedades protagonistas. Ven el pr\u00f3ximo s\u00e1bado 30 de septiembre a la Pla\u00e7a de la Mediterr\u00e0nia en el C\u00fabic de Viladecans y disfruta de un d\u00eda lleno de actividades culinarias, gastron\u00f3micas, degustaciones, cine y un&hellip;","coauthors":[],"tax_additional":{"categories":{"linked":["<a href=\"https:\/\/www.ametllerorigenwp.com\/es\/category\/noticias\/\" class=\"advgb-post-tax-term\">Noticias<\/a>"],"unlinked":["<span class=\"advgb-post-tax-term\">Noticias<\/span>"]}},"comment_count":"0","relative_dates":{"created":"Publicado 3 a\u00f1os hace","modified":"Actualizado 3 a\u00f1os hace"},"absolute_dates":{"created":"Publicado el 22 de septiembre de 2023","modified":"Actualizado el 22 de septiembre de 2023"},"absolute_dates_time":{"created":"Publicado el 22 de septiembre de 2023 01:00","modified":"Actualizado el 22 de septiembre de 2023 06:33"},"featured_img_caption":"","series_order":"","show_in_app":true,"fecha_inicio_destacado":null,"hora_inicio_visualizacion":null,"minutos_inicio_visualizacion":null,"fecha_final_destacado":null,"hora_final_visualizacion":null,"minutos_final_visualizacion":null,"posicion_visualizacion":null,"estado_destacado":null,"niveles_destacados":null,"url_del_enlace":null,"banner_destacado":null,"posicion_visualizacion_de_la_noticia":"01","estado_noticia":["Visible"],"fecha_de_inicio_de_visualizacion_del_tutorial":null,"hora_inicio_visualizacion_tutorial":null,"minutos_inicio_visualizacion_tutorial":null,"fecha_de_final_de_visualizacion_del_tutorial":null,"hora_final_visualizacion_tutorial":null,"minutos_final_visualizacion_tutorial":null,"numero_de_veces_visto":null,"numero_de_veces_total":null,"niveles_tutorial":null,"tutorial_recursos_castellano":null,"tutorial_recursos_catalan":null,"dias_disponibles":null,"dias_de_la_semana":null,"dias_del_mes":null,"other_lang_post_id":null,"lang":"es","campanya_descripcion":null,"campanya_fecha_inicio":null,"campanya_fecha_fin":null,"campanya_legales":null,"campanya_imagen":null,"campanya_characteristics":null,"campanya_url":null,"campanya_posicion_visualizacion":null,"campanya_estado":null,"_links":{"self":[{"href":"https:\/\/www.ametllerorigenwp.com\/es\/wp-json\/wp\/v2\/posts\/9844","targetHints":{"allow":["GET"]}}],"collection":[{"href":"https:\/\/www.ametllerorigenwp.com\/es\/wp-json\/wp\/v2\/posts"}],"about":[{"href":"https:\/\/www.ametllerorigenwp.com\/es\/wp-json\/wp\/v2\/types\/post"}],"author":[{"embeddable":true,"href":"https:\/\/www.ametllerorigenwp.com\/es\/wp-json\/wp\/v2\/users\/5"}],"replies":[{"embeddable":true,"href":"https:\/\/www.ametllerorigenwp.com\/es\/wp-json\/wp\/v2\/comments?post=9844"}],"version-history":[{"count":2,"href":"https:\/\/www.ametllerorigenwp.com\/es\/wp-json\/wp\/v2\/posts\/9844\/revisions"}],"predecessor-version":[{"id":9863,"href":"https:\/\/www.ametllerorigenwp.com\/es\/wp-json\/wp\/v2\/posts\/9844\/revisions\/9863"}],"wp:featuredmedia":[{"embeddable":true,"href":"https:\/\/www.ametllerorigenwp.com\/es\/wp-json\/wp\/v2\/media\/9861"}],"wp:attachment":[{"href":"https:\/\/www.ametllerorigenwp.com\/es\/wp-json\/wp\/v2\/media?parent=9844"}],"wp:term":[{"taxonomy":"category","embeddable":true,"href":"https:\/\/www.ametllerorigenwp.com\/es\/wp-json\/wp\/v2\/categories?post=9844"},{"taxonomy":"post_tag","embeddable":true,"href":"https:\/\/www.ametllerorigenwp.com\/es\/wp-json\/wp\/v2\/tags?post=9844"}],"curies":[{"name":"wp","href":"https:\/\/api.w.org\/{rel}","templated":true}]}}